{"id":10806,"date":"2023-05-29T14:10:56","date_gmt":"2023-05-29T17:10:56","guid":{"rendered":"https:\/\/www.visionweb.com.ar\/?p=10806"},"modified":"2023-05-29T20:54:52","modified_gmt":"2023-05-29T23:54:52","slug":"energia-el-plan-iluminar-del-gobierno-promueve-a-una-estrategia-de-canje","status":"publish","type":"post","link":"https:\/\/www.visionweb.com.ar\/?p=10806","title":{"rendered":"Energ\u00eda: El \u201cPlan Iluminar\u201d del Gobierno promueve una estrategia de canje"},"content":{"rendered":"<p><em><strong>La Direcci\u00f3n de Energ\u00edas Renovables ser\u00e1 la unidad ejecutora del programa que busca concientizar sobre el uso racional de la energ\u00eda, y generar el cambio de las l\u00e1mparas de bajo consumo a luces led.<\/strong><\/em><!--more--><\/p>\n<p><strong><img loading=\"lazy\" decoding=\"async\" class=\"size-full wp-image-10807 alignright\" src=\"https:\/\/www.visionweb.com.ar\/wp-content\/uploads\/2023\/05\/iluminar.png\" alt=\"\" width=\"240\" height=\"135\" \/>\u00a0\u00a0\u00a0 L<\/strong>a Secretar\u00eda de Energ\u00eda de la Naci\u00f3n anunci\u00f3\u00a0<strong>el nuevo programa para impulsar el recambio de l\u00e1mparas de bajo consumo a luces LED, <\/strong>mediante el <strong>Plan Iluminemos Argentina (Iluminar),<\/strong> que buscar\u00e1 sustituir el uso de l\u00e1mparas de alto consumo por otras de menor consumo y de mayor eficiencia energ\u00e9tica,\u00a0<strong>en hogares de bajos ingresos y en clubes de barrio y de pueblo.<\/strong><\/p>\n<p>A trav\u00e9s de la\u00a0<a href=\"https:\/\/www.boletinoficial.gob.ar\/detalleAviso\/primera\/287139\/20230524\">Resoluci\u00f3n 409\/2023 publicada en el Bolet\u00edn Oficial<\/a>\u00a0y de car\u00e1cter permanente, el nuevo programa, tendr\u00e1 tambi\u00e9n como objetivo\u00a0<strong>\u201cconcientizar sobre las ventajas derivadas del uso racional y eficiente de la energ\u00eda el\u00e9ctrica\u201d.<\/strong><\/p>\n<p>El nuevo plan anunciado est\u00e1\u00a0<strong>dirigido con exclusividad a los usuarios de menores ingresos que se encuentran encuadrados dentro del Nivel 2 de segmentaci\u00f3n de tarifas<\/strong>,\u00a0<strong>al igual que los clubes de barrio\u00a0<\/strong>y de pueblo inscriptos como asociaciones civiles sin fines de lucro en el registro nacional creado a tal fin.<\/p>\n<p>La normativa designa a la\u00a0<strong>Subsecretar\u00eda de Energ\u00eda El\u00e9ctrica como autoridad de aplicaci\u00f3n, la cual suscribir\u00e1 convenios con provincias, municipios y comunas\u00a0<\/strong>que presenten las solicitudes correspondientes; mientras que la Direcci\u00f3n de Energ\u00edas Renovables de dicha subsecretar\u00eda ser\u00e1 la unidad ejecutora.<\/p>\n<p>No se trata de la primera iniciativa del Estado para cambiar l\u00e1mparas por otras de menor consumo: en diciembre de 2007, adem\u00e1s de declararse de inter\u00e9s y prioridad nacional la eficiencia energ\u00e9tica,\u00a0<strong>se cre\u00f3 el Programa Nacional de Uso Racional y Eficiente de la Energ\u00eda (Pronuree).<\/strong><\/p>\n<p>Ese programa, adem\u00e1s de tener como objetivo reducir los niveles de consumo en los edificios de la Administraci\u00f3n P\u00fablica Nacional, tambi\u00e9n buscaba concientizar a los usuarios residenciales sobre los beneficios del uso eficiente de la electricidad, y\u00a0<strong>comprend\u00eda la sustituci\u00f3n de l\u00e1mparas incandescentes por otras de bajo consumo en todas las viviendas residenciales\u00a0<\/strong>del pa\u00eds. <strong>(VW)<\/strong><\/p>\n","protected":false},"excerpt":{"rendered":"<p>La Direcci\u00f3n de Energ\u00edas Renovables ser\u00e1 la unidad ejecutora del programa que busca concientizar sobre el uso racional de la energ\u00eda, y generar el cambio de las l\u00e1mparas de bajo consumo a luces led.<\/p>\n","protected":false},"author":4,"featured_media":10807,"comment_status":"closed","ping_status":"closed","sticky":false,"template":"","format":"standard","meta":{"_monsterinsights_skip_tracking":false,"_monsterinsights_sitenote_active":false,"_monsterinsights_sitenote_note":"","_monsterinsights_sitenote_category":0,"footnotes":""},"categories":[6,4,5],"tags":[131,4491,4489,4490],"class_list":["post-10806","post","type-post","status-publish","format-standard","has-post-thumbnail","hentry","category-economia","category-politica","category-sociedad","tag-consumo","tag-led","tag-plan-iluminar-argentina","tag-recambio-de-lamparas"],"_links":{"self":[{"href":"https:\/\/www.visionweb.com.ar\/index.php?rest_route=\/wp\/v2\/posts\/10806","targetHints":{"allow":["GET"]}}],"collection":[{"href":"https:\/\/www.visionweb.com.ar\/index.php?rest_route=\/wp\/v2\/posts"}],"about":[{"href":"https:\/\/www.visionweb.com.ar\/index.php?rest_route=\/wp\/v2\/types\/post"}],"author":[{"embeddable":true,"href":"https:\/\/www.visionweb.com.ar\/index.php?rest_route=\/wp\/v2\/users\/4"}],"replies":[{"embeddable":true,"href":"https:\/\/www.visionweb.com.ar\/index.php?rest_route=%2Fwp%2Fv2%2Fcomments&post=10806"}],"version-history":[{"count":2,"href":"https:\/\/www.visionweb.com.ar\/index.php?rest_route=\/wp\/v2\/posts\/10806\/revisions"}],"predecessor-version":[{"id":10811,"href":"https:\/\/www.visionweb.com.ar\/index.php?rest_route=\/wp\/v2\/posts\/10806\/revisions\/10811"}],"wp:featuredmedia":[{"embeddable":true,"href":"https:\/\/www.visionweb.com.ar\/index.php?rest_route=\/wp\/v2\/media\/10807"}],"wp:attachment":[{"href":"https:\/\/www.visionweb.com.ar\/index.php?rest_route=%2Fwp%2Fv2%2Fmedia&parent=10806"}],"wp:term":[{"taxonomy":"category","embeddable":true,"href":"https:\/\/www.visionweb.com.ar\/index.php?rest_route=%2Fwp%2Fv2%2Fcategories&post=10806"},{"taxonomy":"post_tag","embeddable":true,"href":"https:\/\/www.visionweb.com.ar\/index.php?rest_route=%2Fwp%2Fv2%2Ftags&post=10806"}],"curies":[{"name":"wp","href":"https:\/\/api.w.org\/{rel}","templated":true}]}}