{"id":10768,"date":"2023-05-25T13:50:11","date_gmt":"2023-05-25T16:50:11","guid":{"rendered":"https:\/\/www.visionweb.com.ar\/?p=10768"},"modified":"2023-05-25T13:54:42","modified_gmt":"2023-05-25T16:54:42","slug":"la-iglesia-pidio-a-los-candidatos-que-demuestren-vocacion-de-servicio","status":"publish","type":"post","link":"https:\/\/www.visionweb.com.ar\/?p=10768","title":{"rendered":"La iglesia pidi\u00f3 a los candidatos que demuestren vocaci\u00f3n de servicio"},"content":{"rendered":"<p><em><strong>As\u00ed lo pidi\u00f3 este 25 de mayo el Cardenal Mario Pol\u00ec y reiter\u00f3 la preocupaci\u00f3n por los altos \u00edndices de pobreza en la Argentina.<\/strong><\/em>\u00a0 <!--more--><\/p>\n<div id=\"attachment_10769\" style=\"width: 310px\" class=\"wp-caption alignright\"><img loading=\"lazy\" decoding=\"async\" aria-describedby=\"caption-attachment-10769\" class=\"wp-image-10769 size-medium\" src=\"https:\/\/www.visionweb.com.ar\/wp-content\/uploads\/2023\/05\/CARDENAL-POLI-300x200.jpg\" alt=\"\" width=\"300\" height=\"200\" srcset=\"https:\/\/www.visionweb.com.ar\/wp-content\/uploads\/2023\/05\/CARDENAL-POLI-300x200.jpg 300w, https:\/\/www.visionweb.com.ar\/wp-content\/uploads\/2023\/05\/CARDENAL-POLI.jpg 640w\" sizes=\"auto, (max-width: 300px) 100vw, 300px\" \/><p id=\"caption-attachment-10769\" class=\"wp-caption-text\"><em><strong>El Cardenal Poli hizo un nuevo llamado a la unidad en el Tedeumk del 25 de mayo y reiter\u00f3 los n\u00fameros de la pobreza (Foto: Agencia AICA)<\/strong><\/em><\/p><\/div>\n<p><strong>E<\/strong>l Cardenal primado de la Argentina, Mario Pol\u00ed, pidi\u00f3 que \u00abla unidad prevalezca sobre el conflicto\u00bb, al hablar en la tradicional ceremonia del tedeum por el 25 de mayo, que se realiz\u00f3 este jueves en la catedral metropolitana.<\/p>\n<p>Ante el presidente Alberto Fern\u00e1ndez, el arzobispo porte\u00f1o,\u00a0 remarc\u00f3 que \u00abla deseada unidad prevalece sobre el conflicto\u00bb y volvi\u00f3 a advertir sobre la \u00absensible desigualdad que existe\u00bb, ante lo cual reclam\u00f3 que los candidatos \u00abdemuestren su vocaci\u00f3n de servicio\u00bb.<\/p>\n<p>El Presidente Fern\u00e1ndez se traslad\u00f3, desde la Casa de Gobierno\u00a0 a la Catedral porte\u00f1a a pie, mientras la Plaza de Mayo estaba rodeada de bayas para la realzaci\u00f3n del acto de los 20 a\u00f1os de la asunci\u00f3n de N\u00e9stor Kirchner a la presidencia de la Naci\u00f3n.<\/p>\n<p>\u00abNuestra Patria es un don de Dios confiado a nuestra libertad, como un regalo que debemos cuidar y perfeccionar: podremos crecer sanamente como naci\u00f3n si reafirmamos nuestra identidad com\u00fan. En esta b\u00fasqueda del bienestar de todos necesitamos dar pasos importantes para el desarrollo integral\u00bb.<\/p>\n<p>El cardenal Poli tras abogar por la situaci\u00f3n de la pobreza que se agrav\u00f3 en los \u00faltimos a\u00f1os uso las \u00faltimas estad\u00edsticas publicadas por el Observatorio de la Deuda Social argentina.<\/p>\n<p>En ese sentido se\u00f1al\u00f3 que \u00abrecientes estudios de campo\u00bb demuestran \u00abla sensible desigualdad que existe en un amplio sector de la poblaci\u00f3n m\u00e1s vulnerable\u00bb, y puntualiz\u00f3: \u00abEs de informaci\u00f3n p\u00fablica que seis de cada diez ni\u00f1os, ni\u00f1as y adolescentes argentinos son pobres y ese porcentaje se visualiza m\u00e1s crudamente si consideramos que alcanza a 8.200.000 menores de edad, de los cuales hay m\u00e1s de 4.200.000 padecen\u00a0 carencias alimenticias\u00bb<\/p>\n<p>\u00abCuando priman intereses particulares sobre el bien com\u00fan o cuando el af\u00e1n de dominio se impone por encima del di\u00e1logo y la justicia se menoscaba la dignidad de las personas e indefectiblemente crece la pobreza en sus diversas manifestaciones\u00bb, lanz\u00f3.<\/p>\n<p>En su homil\u00eda durante la tradicional ceremonia del tedeum en la Catedral Metropolitana, el referente eclesi\u00e1stico lament\u00f3 que en el pa\u00eds \u00abno se ven desplegadas todas sus virtudes y bondades\u00bb.<\/p>\n<p>\u00abNo puedo dejar de remarcar la sensible desigualdad que existe en un amplio sector de la poblaci\u00f3n vulnerable\u00bb, expuso el prelado.<\/p>\n<p>En otro tramo de\u00a0 su homilia, el cardenal Pol\u00ed, aprovech\u00f3 la oportunidad para dirigirse tambi\u00e9n a los referentes pol\u00edticos que aspiran a laguna candidatura en las pr\u00f3ximas elecciones nacionales.<\/p>\n<p>Al respecto subray\u00f3 que \u00abAnte un nuevo proceso electoral para elegir a quienes aspiran conducir la Naci\u00f3n, vemos una inmejorable oportunidad para que los candidatos manifiesten su vocaci\u00f3n de servicio y aprovechen sus palabras para hacer docencia democr\u00e1tica, con propuestas claras y realistas, sin descalificar a los que compiten; con un lenguaje nuevo que promueva la solidaridad y devuelva al pueblo la confianza y el deseo de participar en la construcci\u00f3n de un destino com\u00fan\u00bb.<\/p>\n<p><strong>La interveci\u00f3n del presidente Fern\u00e1ndez<\/strong><\/p>\n<p>A diferencia de otros a\u00f1os en que se celebr\u00f3 el Tedeum, el presidente Fern\u00e1ndez tuvo la posibilidad de expresarse.<\/p>\n<p class=\"paragraph\">Al concluir la homil\u00eda, y en una declaraci\u00f3n que suele ser poco habitual en la tradicional ceremonia religiosa, el presidente\u00a0<b>Alberto Fern\u00e1ndez intervino en la ceremonia\u00a0<\/b>y se\u00a0<b>dirigi\u00f3 al arzobispo<\/b>, a quien le expres\u00f3 su acuerdo con sus palabras y revel\u00f3 que muchas veces el \u201cquerido Papa Francisco estuvo ayud\u00e1ndome\u201d durante su gesti\u00f3n de gobierno.<\/p>\n<p class=\"paragraph\">\u201cEs este el \u00faltimo 25 de Mayo como Presidente. Tambi\u00e9n el suyo, querido Cardenal (Poli). Con lo cual es para usted y para m\u00ed un 25 de Mayo distinto\u201d, arranc\u00f3 Alberto Fern\u00e1ndez en su comentario. \u201cQuiero poner en valor sus palabras. Creo que tenemos que ser capaces de construir una convivencia democr\u00e1tica que nos falta. Que no hemos sabido construir en todo este tiempo\u201d.<\/p>\n<p class=\"paragraph\">\u201cEst\u00e1 claro que en la diversidad pensamos distinto -continu\u00f3-, y tenemos miradas y aspiraciones de un pa\u00eds distinto, pero tenemos todos los compromisos que usted, cardenal, nos ha marcado. Con los compromisos con los que menos tienen. Primero los \u00faltimos, nos ense\u00f1a el papa Francisco\u201d.\u00a0<strong>(VW)<\/strong><\/p>\n<p>&nbsp;<\/p>\n","protected":false},"excerpt":{"rendered":"<p>As\u00ed lo pidi\u00f3 este 25 de mayo el Cardenal Mario Pol\u00ec y reiter\u00f3 la preocupaci\u00f3n por los altos \u00edndices de pobreza en la Argentina.\u00a0<\/p>\n","protected":false},"author":3,"featured_media":10769,"comment_status":"closed","ping_status":"closed","sticky":false,"template":"","format":"standard","meta":{"_monsterinsights_skip_tracking":false,"_monsterinsights_sitenote_active":false,"_monsterinsights_sitenote_note":"","_monsterinsights_sitenote_category":0,"footnotes":""},"categories":[4],"tags":[4467,15,2757,4479],"class_list":["post-10768","post","type-post","status-publish","format-standard","has-post-thumbnail","hentry","category-politica","tag-25-de-mayo","tag-fernandez","tag-poli","tag-tedeum"],"_links":{"self":[{"href":"https:\/\/www.visionweb.com.ar\/index.php?rest_route=\/wp\/v2\/posts\/10768","targetHints":{"allow":["GET"]}}],"collection":[{"href":"https:\/\/www.visionweb.com.ar\/index.php?rest_route=\/wp\/v2\/posts"}],"about":[{"href":"https:\/\/www.visionweb.com.ar\/index.php?rest_route=\/wp\/v2\/types\/post"}],"author":[{"embeddable":true,"href":"https:\/\/www.visionweb.com.ar\/index.php?rest_route=\/wp\/v2\/users\/3"}],"replies":[{"embeddable":true,"href":"https:\/\/www.visionweb.com.ar\/index.php?rest_route=%2Fwp%2Fv2%2Fcomments&post=10768"}],"version-history":[{"count":3,"href":"https:\/\/www.visionweb.com.ar\/index.php?rest_route=\/wp\/v2\/posts\/10768\/revisions"}],"predecessor-version":[{"id":10772,"href":"https:\/\/www.visionweb.com.ar\/index.php?rest_route=\/wp\/v2\/posts\/10768\/revisions\/10772"}],"wp:featuredmedia":[{"embeddable":true,"href":"https:\/\/www.visionweb.com.ar\/index.php?rest_route=\/wp\/v2\/media\/10769"}],"wp:attachment":[{"href":"https:\/\/www.visionweb.com.ar\/index.php?rest_route=%2Fwp%2Fv2%2Fmedia&parent=10768"}],"wp:term":[{"taxonomy":"category","embeddable":true,"href":"https:\/\/www.visionweb.com.ar\/index.php?rest_route=%2Fwp%2Fv2%2Fcategories&post=10768"},{"taxonomy":"post_tag","embeddable":true,"href":"https:\/\/www.visionweb.com.ar\/index.php?rest_route=%2Fwp%2Fv2%2Ftags&post=10768"}],"curies":[{"name":"wp","href":"https:\/\/api.w.org\/{rel}","templated":true}]}}