{"id":10743,"date":"2023-05-24T07:00:25","date_gmt":"2023-05-24T10:00:25","guid":{"rendered":"https:\/\/www.visionweb.com.ar\/?p=10743"},"modified":"2023-05-23T20:36:16","modified_gmt":"2023-05-23T23:36:16","slug":"bullrich-y-grindetti-dialogaron-con-vecinos-y-comerciantes-de-wilde","status":"publish","type":"post","link":"https:\/\/www.visionweb.com.ar\/?p=10743","title":{"rendered":"Bullrich y Grindetti dialogaron con vecinos y comerciantes de Wilde"},"content":{"rendered":"<p><em><strong>Crece la preocupaci\u00f3n por el aumento de la inseguridad en las calles. Los problemas de la ionflaci\u00f3n fueron planteados por los comerciantes.<\/strong><\/em>\u00a0 <!--more--><\/p>\n<p><strong>\u00a0 \u00a0 <img loading=\"lazy\" decoding=\"async\" class=\"size-medium wp-image-10744 alignright\" src=\"https:\/\/www.visionweb.com.ar\/wp-content\/uploads\/2023\/05\/BULLRICH-LANUS-300x228.jpeg\" alt=\"\" width=\"300\" height=\"228\" srcset=\"https:\/\/www.visionweb.com.ar\/wp-content\/uploads\/2023\/05\/BULLRICH-LANUS-300x228.jpeg 300w, https:\/\/www.visionweb.com.ar\/wp-content\/uploads\/2023\/05\/BULLRICH-LANUS.jpeg 631w\" sizes=\"auto, (max-width: 300px) 100vw, 300px\" \/> \u00a0L<\/strong>a pre candidata a presidente de la naci\u00f3n Patricia Bullrich (PRO) y el pre candidato a gobernador, tambi\u00e9n por la misma agrupaci\u00f3n pol\u00edtica, N\u00e9stor Grindetti, recorrieron este martes los distritos de Avellaneda y Lan\u00fas para conocer la opini\u00f3n de los vecinos respecto de los principales problemas que los aqueja, entre ellos la inseguridad y la inflaci\u00f3n.<\/p>\n<p>La recorrida de los dos pre candidatos comenz\u00f3 en Avellaneda, donde,\u00a0 junto a vecinos de Wilde, escucharon los relatos sobre la dif\u00edcil situaci\u00f3n econ\u00f3mica que atraviesan los comercios locales, sumado a los problemas de inseguridad en la zona con robos que se suceden todos los d\u00edas en el barrio.<\/p>\n<p>Al respecto, Bullrich, expres\u00f3: \u201cNosotros tenemos un proyecto de orden en la seguridad, orden en lo econ\u00f3mico, orden en la justicia, orden en el pa\u00eds entero que est\u00e1 triste, llorando, devastado. Y eso nos va a llevar mucho trabajo\u00bb, advirti\u00f3.<\/p>\n<p>\u00abPor eso estamos queriendo ganar en la Naci\u00f3n, en la provincia de Buenos Aires, donde N\u00e9stor Grindetti, nuestro candidato, ya est\u00e1 hace tiempo recorriendo y es un candidato que va a llegar a ser Gobernador. Y tambi\u00e9n queremos ganar en todas las intendencias de la provincia de Buenos Aires, donde vamos a presentar lista.\u00bb<\/p>\n<p><img loading=\"lazy\" decoding=\"async\" class=\"size-medium wp-image-10745 alignleft\" src=\"https:\/\/www.visionweb.com.ar\/wp-content\/uploads\/2023\/05\/GRINDETTI-Y-PATRICIA-300x229.jpeg\" alt=\"\" width=\"300\" height=\"229\" srcset=\"https:\/\/www.visionweb.com.ar\/wp-content\/uploads\/2023\/05\/GRINDETTI-Y-PATRICIA-300x229.jpeg 300w, https:\/\/www.visionweb.com.ar\/wp-content\/uploads\/2023\/05\/GRINDETTI-Y-PATRICIA.jpeg 628w\" sizes=\"auto, (max-width: 300px) 100vw, 300px\" \/>Bullrich, al hablar de las expectativas para las pr\u00f3ximas elecciones alz\u00f3 la vara y agreg\u00f3: \u201cNosotros vamos a hacer una lista, desde la presidencia hasta los 135 intendentes, m\u00e1s el Gobernador y el Vicegobernador o Vicegobernadora, porque todav\u00eda no lo tenemos, van a ser parte del proyecto pol\u00edtico que nosotros expresamos. Nosotros estamos convencidos, absolutamente convencidos, de la necesidad de tener mucha coherencia en las cosas que vamos a hacer en la Argentina.<\/p>\n<p><strong>Panorama desolador<\/strong><\/p>\n<p>Por su parte Grindetti a\u00f1adi\u00f3: \u00abLa inseguridad y la inflaci\u00f3n son las principales preocupaciones, el diagn\u00f3stico es desolador y est\u00e1 claro, nuestra responsabilidad de ahora en m\u00e1s es mostrar la salida de esta crisis y para eso contamos con la convicci\u00f3n y el coraje de Patricia, para encarar las transformaciones profundas que hacen falta para cambiar la matriz de nuestro pa\u00eds\u00bb.<\/p>\n<p>\u00abNosotros desde la provincia tenemos que poner al servicio de los bonaerense la experiencia que hemos acumulado todos estos a\u00f1os y aquellos programas que nos han dado \u00e9xito para combatir el delito\u00bb<\/p>\n<p>Luego ambos dirigentes, acompa\u00f1ados del Jefe de gabinete lanusense, Diego Kravetz y del Diputado provincial, Adrian Urreli, visitaron la puesta en valor del Centro Unificado de Comando y Control de Lan\u00fas.<\/p>\n<p>La unidad de seguridad comprende la remodelaci\u00f3n y ampliaci\u00f3n de los puestos dedicados a la l\u00ednea de emergencias 132 y bot\u00f3n antip\u00e1nico, que de contar con 3 puestos, pasar\u00e1 a tener 6.<\/p>\n<p>Esto incluye tambi\u00e9n al sistema de video vigilancia, que pasar\u00e1 a tener un total de 16 puestos, as\u00ed como tambi\u00e9n la renovaci\u00f3n del equipamiento del Centro de Monitoreo y la construcci\u00f3n de un nuevo piso en el que se incorporar\u00e1n los servicios de emergencias como SAME y Defensa Civil.<\/p>\n<p>A su vez, se reconoci\u00f3 a efectivos de Seguridad Ciudadana y PRI por su labor destacada en distintos operativos y procedimientos en los barrios del distrito durante el 2023.<\/p>\n<p>Por \u00faltimo, encabezaron el acto partidario que sum\u00f3 a mas de 100 referentes locales, dirigentes legisladores, Concejales y Consejeros escolares de la Tercera Secci\u00f3n Electoral que apoyan la candidatura de Grindetti y Bullrich <strong>(VW)<\/strong>.<\/p>\n","protected":false},"excerpt":{"rendered":"<p>Crece la preocupaci\u00f3n por el aumento de la inseguridad en las calles. Los problemas de la ionflaci\u00f3n fueron planteados por los comerciantes.\u00a0<\/p>\n","protected":false},"author":3,"featured_media":10744,"comment_status":"closed","ping_status":"closed","sticky":false,"template":"","format":"standard","meta":{"_monsterinsights_skip_tracking":false,"_monsterinsights_sitenote_active":false,"_monsterinsights_sitenote_note":"","_monsterinsights_sitenote_category":0,"footnotes":""},"categories":[4],"tags":[504,18,77,387,529,446,4469],"class_list":["post-10743","post","type-post","status-publish","format-standard","has-post-thumbnail","hentry","category-politica","tag-bullrich","tag-grindetti","tag-inflacion","tag-monitoreo","tag-seguridad","tag-vecinos","tag-wilde"],"_links":{"self":[{"href":"https:\/\/www.visionweb.com.ar\/index.php?rest_route=\/wp\/v2\/posts\/10743","targetHints":{"allow":["GET"]}}],"collection":[{"href":"https:\/\/www.visionweb.com.ar\/index.php?rest_route=\/wp\/v2\/posts"}],"about":[{"href":"https:\/\/www.visionweb.com.ar\/index.php?rest_route=\/wp\/v2\/types\/post"}],"author":[{"embeddable":true,"href":"https:\/\/www.visionweb.com.ar\/index.php?rest_route=\/wp\/v2\/users\/3"}],"replies":[{"embeddable":true,"href":"https:\/\/www.visionweb.com.ar\/index.php?rest_route=%2Fwp%2Fv2%2Fcomments&post=10743"}],"version-history":[{"count":1,"href":"https:\/\/www.visionweb.com.ar\/index.php?rest_route=\/wp\/v2\/posts\/10743\/revisions"}],"predecessor-version":[{"id":10746,"href":"https:\/\/www.visionweb.com.ar\/index.php?rest_route=\/wp\/v2\/posts\/10743\/revisions\/10746"}],"wp:featuredmedia":[{"embeddable":true,"href":"https:\/\/www.visionweb.com.ar\/index.php?rest_route=\/wp\/v2\/media\/10744"}],"wp:attachment":[{"href":"https:\/\/www.visionweb.com.ar\/index.php?rest_route=%2Fwp%2Fv2%2Fmedia&parent=10743"}],"wp:term":[{"taxonomy":"category","embeddable":true,"href":"https:\/\/www.visionweb.com.ar\/index.php?rest_route=%2Fwp%2Fv2%2Fcategories&post=10743"},{"taxonomy":"post_tag","embeddable":true,"href":"https:\/\/www.visionweb.com.ar\/index.php?rest_route=%2Fwp%2Fv2%2Ftags&post=10743"}],"curies":[{"name":"wp","href":"https:\/\/api.w.org\/{rel}","templated":true}]}}