{"id":10732,"date":"2023-05-23T09:44:02","date_gmt":"2023-05-23T12:44:02","guid":{"rendered":"https:\/\/www.visionweb.com.ar\/?p=10732"},"modified":"2023-05-23T09:44:02","modified_gmt":"2023-05-23T12:44:02","slug":"la-guerra-de-malvinas-bajo-la-lente-del-lomense-eduardo-rotondo","status":"publish","type":"post","link":"https:\/\/www.visionweb.com.ar\/?p=10732","title":{"rendered":"La Guerra de Malvinas bajo la lente del lomense Eduardo Rotondo"},"content":{"rendered":"<p><em><strong>El fotoperiodista present\u00f3 su libro con im\u00e1genes y videos exclusivos sobre la guerra de 1982. Durante la charla, relat\u00f3 sus vivencias en la cobertura de la contienda, en particular como el \u00faltimo corresponsal de guerra argentino que dej\u00f3 las Islas.<\/strong><\/em><!--more--><\/p>\n<p><strong>\u00a0 \u00a0 \u00a0 \u00a0 \u00a0 <img loading=\"lazy\" decoding=\"async\" class=\"size-medium wp-image-10733 alignright\" src=\"https:\/\/www.visionweb.com.ar\/wp-content\/uploads\/2023\/05\/CORRESPONSAL-DE-GUERRA-300x195.png\" alt=\"\" width=\"300\" height=\"195\" srcset=\"https:\/\/www.visionweb.com.ar\/wp-content\/uploads\/2023\/05\/CORRESPONSAL-DE-GUERRA-300x195.png 300w, https:\/\/www.visionweb.com.ar\/wp-content\/uploads\/2023\/05\/CORRESPONSAL-DE-GUERRA.png 640w\" sizes=\"auto, (max-width: 300px) 100vw, 300px\" \/>E<\/strong>l reportero gr\u00e1fico y corresponsal de Guerra Eduardo Rotondo, destac\u00f3 que escribi\u00f3 el libro\u00a0<em>Malvinas. Los ojos de la Guerra\u00a0<\/em>(Servicop, 2023) para \u201cdejar un registro a los hijos y nietos\u201d de los veteranos y veteranas y hacer \u201cun reconocimiento\u201d a los y las ex combatientes, durante la charla que brind\u00f3 en la Universidad Nacional de Lomas de Zamora (UNLZ).<\/p>\n<p>Contratado por la cadena estadounidense ABC como camar\u00f3grafo y por la revista\u00a0<em>Gente<\/em>\u00a0como fot\u00f3grafo, Rotondo cubri\u00f3 la Guerra de Malvinas y fue el \u00faltimo corresponsal de guerra argentino que dej\u00f3 las Islas, el 16 de junio de 1982, tras eludir los controles brit\u00e1nicos para abordar el Almirante Ir\u00edzar y volver al continente.<\/p>\n<p>El reportero asegur\u00f3 que \u201csent\u00eda la obligaci\u00f3n de contar el final\u201d de la contienda por lo que su material fotogr\u00e1fico y f\u00edlmico es exclusivo, y tiene un valor significativo debido a que sus registros audiovisuales son los \u00fanicos existentes sobre la rendici\u00f3n el 14 de junio y los \u00faltimos momentos de la guerra.<\/p>\n<p>\u201cEl trabajo de corresponsal de guerra es muy dif\u00edcil, porque a pesar de mirar todo a trav\u00e9s de la lente de la c\u00e1mara, es dificultoso olvidar el olor a p\u00f3lvora y sangre, y sobre todo el grito de los soldados heridos\u201d, manifest\u00f3 ante los estudiantes en el Auditorio Rodolfo Walsh de la Facultad de Ciencias Sociales (UNLZ).<\/p>\n<p>Durante la charla, el corresponsal de guerra abri\u00f3 su coraz\u00f3n y emocion\u00f3 a todos en el auditorio narrando la valent\u00eda y el esp\u00edritu de nuestros j\u00f3venes soldados frente a los brit\u00e1nicos que resultaban superiores en arsenal y entrenamiento b\u00e9lico.<\/p>\n<p>\u201cEstamos hablando de seres humanos a los que nunca se los reconoci\u00f3 como se lo merec\u00edan, porque la gesta de Malvinas fue la gesta de 14 mil hombres que dejaron el alma\u201d, afirm\u00f3.<\/p>\n<p>Por otro lado, critic\u00f3 que \u201clos veteranos fueron olvidados durante diez a\u00f1os\u201d y que \u201cse los culp\u00f3 de haber perdido la guerra\u201d, y denunci\u00f3 que en la actualidad los ex combatientes tienen muchas dificultades para acceder a la salud y a un tratamiento digno.<\/p>\n<p>En la charla tambi\u00e9n estuvieron presentes veteranos de Malvinas de la regi\u00f3n quienes avalaron las palabras de Rotondo, compartieron sus vivencias y relataron algunas experiencias de la guerra.<\/p>\n<p>En\u00a0<em>Malvinas. Los ojos de la Guerra<\/em>\u00a0se ven reflejados estos avatares de la guerra, pero no se trata de un libro convencional, seg\u00fan explic\u00f3, dado que no s\u00f3lo contiene las vivencias como reportero en las Islas sino tambi\u00e9n im\u00e1genes exclusivas y material f\u00edlmico al que se accede por un c\u00f3digo QR, por lo que tambi\u00e9n \u201cse pueden escuchar los sonidos de la guerra\u201d.<\/p>\n<p>El primer libro del reportero argentino sobre Malvinas se llama\u00a0<em>Alerta Roja\u00a0<\/em>(Editorial M\u00e9dica Panamericana,1983), fue publicado en 1983 y estaba compuesto solamente por im\u00e1genes. Cabe destacar que toda la labor realizada en Malvinas fue reconocida internacionalmente lo que lo llev\u00f3 a trabajar con la cadena ABC News de Estados Unidos.<\/p>\n<p>El evento, organizado por la Agencia Universitaria de Noticias y Opini\u00f3n (AUNO), forma parte del\u00a0<a href=\"https:\/\/auno.org.ar\/malvinas-40-asi-presentaron-el-proyecto-transmedia-que-cuenta-la-guerra-desde-el-conurbano\" data-type=\"post\" data-id=\"33305\">proyecto institucional Malvinas 40\u00a0<\/a>que visibiliza las historias de los veteranos y veteranas de la regi\u00f3n como as\u00ed tambi\u00e9n de otras personas vinculadas con el conflicto b\u00e9lico <strong>(VW)<\/strong><\/p>\n","protected":false},"excerpt":{"rendered":"<p>El fotoperiodista present\u00f3 su libro con im\u00e1genes y videos exclusivos sobre la guerra de 1982. Durante la charla, relat\u00f3 sus vivencias en la cobertura de la contienda, en particular como el \u00faltimo corresponsal de&#46;&#46;&#46;<\/p>\n","protected":false},"author":3,"featured_media":10733,"comment_status":"closed","ping_status":"closed","sticky":false,"template":"","format":"standard","meta":{"_monsterinsights_skip_tracking":false,"_monsterinsights_sitenote_active":false,"_monsterinsights_sitenote_note":"","_monsterinsights_sitenote_category":0,"footnotes":""},"categories":[7],"tags":[4465,4464,2015],"class_list":["post-10732","post","type-post","status-publish","format-standard","has-post-thumbnail","hentry","category-educacion-y-cultura","tag-corresponsal","tag-fotografo","tag-malvinas"],"_links":{"self":[{"href":"https:\/\/www.visionweb.com.ar\/index.php?rest_route=\/wp\/v2\/posts\/10732","targetHints":{"allow":["GET"]}}],"collection":[{"href":"https:\/\/www.visionweb.com.ar\/index.php?rest_route=\/wp\/v2\/posts"}],"about":[{"href":"https:\/\/www.visionweb.com.ar\/index.php?rest_route=\/wp\/v2\/types\/post"}],"author":[{"embeddable":true,"href":"https:\/\/www.visionweb.com.ar\/index.php?rest_route=\/wp\/v2\/users\/3"}],"replies":[{"embeddable":true,"href":"https:\/\/www.visionweb.com.ar\/index.php?rest_route=%2Fwp%2Fv2%2Fcomments&post=10732"}],"version-history":[{"count":1,"href":"https:\/\/www.visionweb.com.ar\/index.php?rest_route=\/wp\/v2\/posts\/10732\/revisions"}],"predecessor-version":[{"id":10734,"href":"https:\/\/www.visionweb.com.ar\/index.php?rest_route=\/wp\/v2\/posts\/10732\/revisions\/10734"}],"wp:featuredmedia":[{"embeddable":true,"href":"https:\/\/www.visionweb.com.ar\/index.php?rest_route=\/wp\/v2\/media\/10733"}],"wp:attachment":[{"href":"https:\/\/www.visionweb.com.ar\/index.php?rest_route=%2Fwp%2Fv2%2Fmedia&parent=10732"}],"wp:term":[{"taxonomy":"category","embeddable":true,"href":"https:\/\/www.visionweb.com.ar\/index.php?rest_route=%2Fwp%2Fv2%2Fcategories&post=10732"},{"taxonomy":"post_tag","embeddable":true,"href":"https:\/\/www.visionweb.com.ar\/index.php?rest_route=%2Fwp%2Fv2%2Ftags&post=10732"}],"curies":[{"name":"wp","href":"https:\/\/api.w.org\/{rel}","templated":true}]}}