{"id":10721,"date":"2023-05-22T13:04:01","date_gmt":"2023-05-22T16:04:01","guid":{"rendered":"https:\/\/www.visionweb.com.ar\/?p=10721"},"modified":"2023-05-22T13:04:01","modified_gmt":"2023-05-22T16:04:01","slug":"los-precios-justos-continuaran-hasta-las-paso-pero-con-aumentos","status":"publish","type":"post","link":"https:\/\/www.visionweb.com.ar\/?p=10721","title":{"rendered":"Los Precios Justos continuar\u00e1n hasta las PASO, pero con aumentos"},"content":{"rendered":"<p><em><strong>Y tendr\u00e1n nuevas condiciones: Podr\u00e1n aumentar los precios hasta 5% mensual. Mientras que los productos con precios congelados dejar\u00e1, de ser \u201ccongelados\u201d, ya que aumentar\u00e1n 3,8%.<\/strong><\/em><!--more--><\/p>\n<p><strong><img loading=\"lazy\" decoding=\"async\" class=\"size-full wp-image-10722 alignright\" src=\"https:\/\/www.visionweb.com.ar\/wp-content\/uploads\/2023\/05\/precios-justos.png\" alt=\"\" width=\"210\" height=\"118\" \/>\u00a0 E<\/strong>l programa Precios Justos, que implement\u00f3 en noviembre del a\u00f1o pasado el ministro de Econom\u00eda Sergio Massa, <strong>\u00a0se extender\u00e1 hasta agosto\u00a0<\/strong>(el mes de las PASO), pero ahora con nuevas condiciones.<\/p>\n<p>Seg\u00fan la Secretar\u00eda de Comercio\u00a0<strong>ya hubo un acuerdo con 90 empresas, de las m\u00e1s de 120 que conforman el programa<\/strong>.<\/p>\n<p>Frente a los infrenables guarismos de inflaci\u00f3n, el Programa elevar\u00e1 la suba fija en los productos, que \u00a0<strong>pasar\u00e1 del 3,2% al 5% mensual,\u00a0<\/strong>y a la vez, otros \u00edtems que se manten\u00edan congelados, aumentar\u00e1n un 3,8%.<\/p>\n<p>En febrero,\u00a0<strong>cuando se anunci\u00f3 la segunda etapa del acuerdo en un acto en el Centro Cultural Kirchner, se hab\u00eda determinado la pauta de aumento en 3,2%.\u00a0<\/strong><\/p>\n<p>Sin embargo, con una inflaci\u00f3n que escal\u00f3 el \u00faltimo mes al 8,4% mensual, y a dos d\u00edgitos en alimentos, las empresas podr\u00e1n aumentar 3,2% a principios de mes, tal como estaba previsto inicialmente hasta junio, y a partir del 20 de cada mes otro 1,8%, lo que da un 5% mensual.<\/p>\n<p>En tanto,\u00a0<strong>tambi\u00e9n habr\u00e1 cambios para los casi 2.000 productos que congelaron su precio en febrero y ten\u00edan que mantenerlo hasta junio<\/strong>. Para esa canasta, se le permitir\u00e1 un aumento del 3,8% mensual, que tambi\u00e9n arrancar\u00eda este s\u00e1bado 20 de mayo.<\/p>\n<p><strong>Cabe recordar, que l<\/strong>a primera etapa de\u00a0<strong>Precios Justos, que lanz\u00f3 Massa para reemplazar a Precios Cuidados<\/strong>, se lanz\u00f3 en noviembre de 2022 y ten\u00eda previsto finalizar en marzo de este a\u00f1o.<\/p>\n<p>Pero frente a la inaceptable inflaci\u00f3n, se adelant\u00f3 el relanzamiento del plan a los primeros d\u00edas de febrero.<\/p>\n<p><strong>Esa renovaci\u00f3n prevista hasta julio, comenz\u00f3 a regir el <\/strong><strong>s\u00e1bado 20 de mayo<\/strong>, hasta el mes de agosto.<\/p>\n<p>Las modificaciones al programa fueron\u00a0<strong>comunicadas por la secretar\u00eda que encabeza Mat\u00edas Tombolini\u00a0<\/strong>a las alimenticias y a los supermercados e hipermercados, donde regir\u00e1n los controles.<\/p>\n<p><strong>Qu\u00e9 pasa con los comercios de cercan\u00eda: <\/strong>En Comercio aseguraron que sigue en pie la idea de llegar con precios regulados a comercios de cercan\u00eda.<\/p>\n<p>Podr\u00eda ser\u00a0<strong>una canasta de unos 50 productos esenciales, aunque desde la industria hay poco optimismo de que vaya a avanzar<\/strong>.<\/p>\n<p>En tanto, los precios de los alimentos se encuentran en una din\u00e1mica preocupante: <strong>En abril subieron 10,1%, seg\u00fan el Indec, una suba de dos d\u00edgitos mensual por primera vez desde 2002.<\/strong><\/p>\n<p>En lo que va de mayo, no presentan desaceleraci\u00f3n alguna, seg\u00fan relevan las consultoras privadas: solo en la segunda semana de mayo, los alimentos treparon 3,6%, y en lo que va del mes, 4,8%, seg\u00fan la consultora LCG, solo para la primera quincena. <strong>(VW)<\/strong><\/p>\n","protected":false},"excerpt":{"rendered":"<p>Y tendr\u00e1n nuevas condiciones: Podr\u00e1n aumentar los precios hasta 5% mensual. Mientras que los productos con precios congelados dejar\u00e1, de ser \u201ccongelados\u201d, ya que aumentar\u00e1n 3,8%.<\/p>\n","protected":false},"author":4,"featured_media":10722,"comment_status":"closed","ping_status":"closed","sticky":false,"template":"","format":"standard","meta":{"_monsterinsights_skip_tracking":false,"_monsterinsights_sitenote_active":false,"_monsterinsights_sitenote_note":"","_monsterinsights_sitenote_category":0,"footnotes":""},"categories":[6],"tags":[141,4460,869,3203],"class_list":["post-10721","post","type-post","status-publish","format-standard","has-post-thumbnail","hentry","category-economia","tag-aumentos","tag-extension-hasta-agosto","tag-massa","tag-precios-justos"],"_links":{"self":[{"href":"https:\/\/www.visionweb.com.ar\/index.php?rest_route=\/wp\/v2\/posts\/10721","targetHints":{"allow":["GET"]}}],"collection":[{"href":"https:\/\/www.visionweb.com.ar\/index.php?rest_route=\/wp\/v2\/posts"}],"about":[{"href":"https:\/\/www.visionweb.com.ar\/index.php?rest_route=\/wp\/v2\/types\/post"}],"author":[{"embeddable":true,"href":"https:\/\/www.visionweb.com.ar\/index.php?rest_route=\/wp\/v2\/users\/4"}],"replies":[{"embeddable":true,"href":"https:\/\/www.visionweb.com.ar\/index.php?rest_route=%2Fwp%2Fv2%2Fcomments&post=10721"}],"version-history":[{"count":1,"href":"https:\/\/www.visionweb.com.ar\/index.php?rest_route=\/wp\/v2\/posts\/10721\/revisions"}],"predecessor-version":[{"id":10723,"href":"https:\/\/www.visionweb.com.ar\/index.php?rest_route=\/wp\/v2\/posts\/10721\/revisions\/10723"}],"wp:featuredmedia":[{"embeddable":true,"href":"https:\/\/www.visionweb.com.ar\/index.php?rest_route=\/wp\/v2\/media\/10722"}],"wp:attachment":[{"href":"https:\/\/www.visionweb.com.ar\/index.php?rest_route=%2Fwp%2Fv2%2Fmedia&parent=10721"}],"wp:term":[{"taxonomy":"category","embeddable":true,"href":"https:\/\/www.visionweb.com.ar\/index.php?rest_route=%2Fwp%2Fv2%2Fcategories&post=10721"},{"taxonomy":"post_tag","embeddable":true,"href":"https:\/\/www.visionweb.com.ar\/index.php?rest_route=%2Fwp%2Fv2%2Ftags&post=10721"}],"curies":[{"name":"wp","href":"https:\/\/api.w.org\/{rel}","templated":true}]}}