{"id":10718,"date":"2023-05-22T12:41:34","date_gmt":"2023-05-22T15:41:34","guid":{"rendered":"https:\/\/www.visionweb.com.ar\/?p=10718"},"modified":"2023-05-22T12:41:34","modified_gmt":"2023-05-22T15:41:34","slug":"22-de-mayo-dia-internacional-de-la-diversidad-biologica","status":"publish","type":"post","link":"https:\/\/www.visionweb.com.ar\/?p=10718","title":{"rendered":"22 de mayo: D\u00eda Internacional de la Diversidad Biol\u00f3gica"},"content":{"rendered":"<p><em><strong>Se celebra bajo el lema \u00abDel acuerdo a la acci\u00f3n: reconstruir la biodiversidad\u00bb. El objetivo principal es mejorar el v\u00ednculo de los humanos con el entorno natural. , con el fin de promover la conservaci\u00f3n de plantas, animales y ecosistemas.<\/strong><\/em><!--more--><\/p>\n<p><strong>\u00a0 <img loading=\"lazy\" decoding=\"async\" class=\"size-full wp-image-10719 alignright\" src=\"https:\/\/www.visionweb.com.ar\/wp-content\/uploads\/2023\/05\/diversidad-biologica.png\" alt=\"\" width=\"240\" height=\"135\" \/>\u00a0 C<\/strong>ada <strong>22 de mayo se celebra el D\u00eda Internacional de la Diversidad Biol\u00f3gica<\/strong>, d\u00eda dispuesto por la Organizaci\u00f3n de las Naciones Unidas (ONU) con el fin de motivar la conservaci\u00f3n de las distintas especies y ecosistemas que disminuyen considerablemente debido a la actividad humana.<\/p>\n<p>En ese sentido, desde la ONU alertaron: <strong>\u00abA pesar de todos nuestros avances tecnol\u00f3gicos, dependemos por completo de ecosistemas saludables y vibrantes si queremos disponer de agua, alimentos, medicamentos, ropa, combustible, refugio y energ\u00eda, solo por nombrar algunos ejemplos\u00bb<\/strong>.<\/p>\n<p>El t\u00e9rmino biodiversidad fue acu\u00f1ado en 1985, en el Foro Internacional sobre la Diversidad Biol\u00f3gica celebrado en los Estados Unidos.<\/p>\n<p>As\u00ed, la biodiversidad comprende a la amplia variedad de plantas, animales y microorganismos existentes, como tambi\u00e9n las diferencias gen\u00e9ticas dentro de cada especie. Este concepto tambi\u00e9n incluye a la variedad de ecosistemas que albergan m\u00faltiples interacciones entre sus miembros y su entorno.<\/p>\n<p>En diciembre pasado, se firm\u00f3 el\u00a0<strong>Marco Mundial Kumming-Montreal de la Diversidad Biol\u00f3gica<\/strong>, un acuerdo que estableci\u00f3 metas y medidas concretas para <strong>detener y revertir la p\u00e9rdida de la naturaleza hasta 2050<\/strong>.<\/p>\n<p>En esta l\u00ednea, el D\u00eda Internacional de la Diversidad Biol\u00f3gica se, el cual busca implementar las medidas propuestas en el acuerdo antes del 2030.<\/p>\n<p><strong>Por qu\u00e9 es tan importante proteger la biodiversidad:<\/strong><\/p>\n<p>Seg\u00fan se\u00f1al\u00f3 la ONU, la protecci\u00f3n de la diversidad biol\u00f3gica es crucial, ya que sustenta la vida de las civilizaciones. En este marco, dio a conocer una serie de datos que lo evidencian:<\/p>\n<ul>\n<li>Los peces proporcionan el<strong>\u00a020% de las prote\u00ednas animales\u00a0<\/strong>a unas 3 000 millones de personas.<\/li>\n<li>M\u00e1s de<strong>l 80% de la dieta humana est\u00e1 basada en plantas<\/strong>\u00a0y, aproximadamente, el 80% de las personas que viven en las zonas rurales de pa\u00edses en desarrollo dependen de medicamentos tradicionales obtenidos de la vegetaci\u00f3n de su entorno.<\/li>\n<li>Los\u00a0<strong>bosques<\/strong>, amenazados por la deforestaci\u00f3n, son de vital importancia para sustentar la vida en la Tierra y juegan un papel importante en la lucha contra el\u00a0<strong>cambio clim\u00e1tico.<\/strong><\/li>\n<li>Aparici\u00f3n de\u00a0<strong>enfermedades transmisibles entre animales y humanos<\/strong>: a medida que continuamos invadiendo ecosistemas fr\u00e1giles, nos ponemos <strong>en contacto cada vez mayor con la fauna silvestre, lo que permite que los pat\u00f3genos de la vida silvestre se extiendan<\/strong> al ganado y a los humanos. <strong>(VW)<\/strong><\/li>\n<\/ul>\n","protected":false},"excerpt":{"rendered":"<p>Se celebra bajo el lema \u00abDel acuerdo a la acci\u00f3n: reconstruir la biodiversidad\u00bb. El objetivo principal es mejorar el v\u00ednculo de los humanos con el entorno natural. , con el fin de promover la&#46;&#46;&#46;<\/p>\n","protected":false},"author":4,"featured_media":10719,"comment_status":"closed","ping_status":"closed","sticky":false,"template":"","format":"standard","meta":{"_monsterinsights_skip_tracking":false,"_monsterinsights_sitenote_active":false,"_monsterinsights_sitenote_note":"","_monsterinsights_sitenote_category":0,"footnotes":""},"categories":[8],"tags":[4459,1962,4458,220],"class_list":["post-10718","post","type-post","status-publish","format-standard","has-post-thumbnail","hentry","category-interes-general","tag-22-de-mayo","tag-biodiversidad","tag-dia-de-la-diversidad-biologica","tag-onu"],"_links":{"self":[{"href":"https:\/\/www.visionweb.com.ar\/index.php?rest_route=\/wp\/v2\/posts\/10718","targetHints":{"allow":["GET"]}}],"collection":[{"href":"https:\/\/www.visionweb.com.ar\/index.php?rest_route=\/wp\/v2\/posts"}],"about":[{"href":"https:\/\/www.visionweb.com.ar\/index.php?rest_route=\/wp\/v2\/types\/post"}],"author":[{"embeddable":true,"href":"https:\/\/www.visionweb.com.ar\/index.php?rest_route=\/wp\/v2\/users\/4"}],"replies":[{"embeddable":true,"href":"https:\/\/www.visionweb.com.ar\/index.php?rest_route=%2Fwp%2Fv2%2Fcomments&post=10718"}],"version-history":[{"count":1,"href":"https:\/\/www.visionweb.com.ar\/index.php?rest_route=\/wp\/v2\/posts\/10718\/revisions"}],"predecessor-version":[{"id":10720,"href":"https:\/\/www.visionweb.com.ar\/index.php?rest_route=\/wp\/v2\/posts\/10718\/revisions\/10720"}],"wp:featuredmedia":[{"embeddable":true,"href":"https:\/\/www.visionweb.com.ar\/index.php?rest_route=\/wp\/v2\/media\/10719"}],"wp:attachment":[{"href":"https:\/\/www.visionweb.com.ar\/index.php?rest_route=%2Fwp%2Fv2%2Fmedia&parent=10718"}],"wp:term":[{"taxonomy":"category","embeddable":true,"href":"https:\/\/www.visionweb.com.ar\/index.php?rest_route=%2Fwp%2Fv2%2Fcategories&post=10718"},{"taxonomy":"post_tag","embeddable":true,"href":"https:\/\/www.visionweb.com.ar\/index.php?rest_route=%2Fwp%2Fv2%2Ftags&post=10718"}],"curies":[{"name":"wp","href":"https:\/\/api.w.org\/{rel}","templated":true}]}}