{"id":10715,"date":"2023-05-22T12:37:01","date_gmt":"2023-05-22T15:37:01","guid":{"rendered":"https:\/\/www.visionweb.com.ar\/?p=10715"},"modified":"2023-05-22T12:37:01","modified_gmt":"2023-05-22T15:37:01","slug":"ya-esta-abierta-la-inscripcion-para-la-maraton-del-club-lanus","status":"publish","type":"post","link":"https:\/\/www.visionweb.com.ar\/?p=10715","title":{"rendered":"Ya est\u00e1 abierta la inscripci\u00f3n para la Marat\u00f3n del Club Lan\u00fas"},"content":{"rendered":"<p><em><strong>Ser\u00e1 el 9 de julio a las 8 am y tendr\u00e1 4 categor\u00edas. Hay tiempo para inscribirse hasta el 5 de julio.<\/strong><\/em><!--more--><\/p>\n<div id=\"attachment_10716\" style=\"width: 235px\" class=\"wp-caption alignleft\"><img loading=\"lazy\" decoding=\"async\" aria-describedby=\"caption-attachment-10716\" class=\"wp-image-10716 size-full\" src=\"https:\/\/www.visionweb.com.ar\/wp-content\/uploads\/2023\/05\/maraton-lanus.png\" alt=\"\" width=\"225\" height=\"225\" srcset=\"https:\/\/www.visionweb.com.ar\/wp-content\/uploads\/2023\/05\/maraton-lanus.png 225w, https:\/\/www.visionweb.com.ar\/wp-content\/uploads\/2023\/05\/maraton-lanus-150x150.png 150w, https:\/\/www.visionweb.com.ar\/wp-content\/uploads\/2023\/05\/maraton-lanus-80x80.png 80w, https:\/\/www.visionweb.com.ar\/wp-content\/uploads\/2023\/05\/maraton-lanus-65x65.png 65w\" sizes=\"auto, (max-width: 225px) 100vw, 225px\" \/><p id=\"caption-attachment-10716\" class=\"wp-caption-text\">imagen: Instagram Club Lan\u00fas<\/p><\/div>\n<p><strong> \u00a0 S<\/strong>e viene la <strong>27 Edici\u00f3n de la Marat\u00f3n de\u00a0<a href=\"https:\/\/twitter.com\/clublanus\">Lan\u00fas<\/a>, s<\/strong>er\u00e1 el domingo 9 de julio y ya se encuentra abierta la\u00a0<a href=\"https:\/\/ticketsati.com\/evento\/maraton-lanus-2023\">inscripci\u00f3n<\/a>, en un nuevo evento que albergar\u00e1 cuatro categor\u00edas:\u00a0<strong>21K, 10K, 3K, y Kids.<\/strong><\/p>\n<p>La carrera de calle organizada por el Club Atl\u00e9tico Lan\u00fas fue declarada de inter\u00e9s Municipal y se realiza todos los 9 de Julio, desde hace 29 a\u00f1os.\u00a0<strong>La inscripci\u00f3n, que se extender\u00e1 hasta el 5 de julio, ya est\u00e1 abierta.<\/strong><\/p>\n<p>La salida ser\u00e1 el 9 de julio a las 8 desde La Fortaleza, estadio ubicado en la calle Ram\u00f3n Cabrero 2007.<\/p>\n<p>El costo de la inscripci\u00f3n es de entre 2000 (socios Kids) y 7000 pesos (adultos 21 K no socios), lo que permite adquirir la remera de la competencia. <strong>(VW)<\/strong><\/p>\n","protected":false},"excerpt":{"rendered":"<p>Ser\u00e1 el 9 de julio a las 8 am y tendr\u00e1 4 categor\u00edas. Hay tiempo para inscribirse hasta el 5 de julio.<\/p>\n","protected":false},"author":4,"featured_media":10716,"comment_status":"closed","ping_status":"closed","sticky":false,"template":"","format":"standard","meta":{"_monsterinsights_skip_tracking":false,"_monsterinsights_sitenote_active":false,"_monsterinsights_sitenote_note":"","_monsterinsights_sitenote_category":0,"footnotes":""},"categories":[8],"tags":[4457,1022,4456],"class_list":["post-10715","post","type-post","status-publish","format-standard","has-post-thumbnail","hentry","category-interes-general","tag-9-de-julio","tag-inscripciones","tag-maraton-clu-lanus"],"_links":{"self":[{"href":"https:\/\/www.visionweb.com.ar\/index.php?rest_route=\/wp\/v2\/posts\/10715","targetHints":{"allow":["GET"]}}],"collection":[{"href":"https:\/\/www.visionweb.com.ar\/index.php?rest_route=\/wp\/v2\/posts"}],"about":[{"href":"https:\/\/www.visionweb.com.ar\/index.php?rest_route=\/wp\/v2\/types\/post"}],"author":[{"embeddable":true,"href":"https:\/\/www.visionweb.com.ar\/index.php?rest_route=\/wp\/v2\/users\/4"}],"replies":[{"embeddable":true,"href":"https:\/\/www.visionweb.com.ar\/index.php?rest_route=%2Fwp%2Fv2%2Fcomments&post=10715"}],"version-history":[{"count":1,"href":"https:\/\/www.visionweb.com.ar\/index.php?rest_route=\/wp\/v2\/posts\/10715\/revisions"}],"predecessor-version":[{"id":10717,"href":"https:\/\/www.visionweb.com.ar\/index.php?rest_route=\/wp\/v2\/posts\/10715\/revisions\/10717"}],"wp:featuredmedia":[{"embeddable":true,"href":"https:\/\/www.visionweb.com.ar\/index.php?rest_route=\/wp\/v2\/media\/10716"}],"wp:attachment":[{"href":"https:\/\/www.visionweb.com.ar\/index.php?rest_route=%2Fwp%2Fv2%2Fmedia&parent=10715"}],"wp:term":[{"taxonomy":"category","embeddable":true,"href":"https:\/\/www.visionweb.com.ar\/index.php?rest_route=%2Fwp%2Fv2%2Fcategories&post=10715"},{"taxonomy":"post_tag","embeddable":true,"href":"https:\/\/www.visionweb.com.ar\/index.php?rest_route=%2Fwp%2Fv2%2Ftags&post=10715"}],"curies":[{"name":"wp","href":"https:\/\/api.w.org\/{rel}","templated":true}]}}