{"id":10707,"date":"2023-05-19T17:59:26","date_gmt":"2023-05-19T20:59:26","guid":{"rendered":"https:\/\/www.visionweb.com.ar\/?p=10707"},"modified":"2023-05-19T17:59:26","modified_gmt":"2023-05-19T20:59:26","slug":"para-cgera-las-importaciones-de-productos-terminados-bajan-los-precios","status":"publish","type":"post","link":"https:\/\/www.visionweb.com.ar\/?p=10707","title":{"rendered":"Para CGERA las importaciones de productos terminados bajan los precios"},"content":{"rendered":"<p><em><strong>El informe de Pro Tejer detalla que el alza interanual en marzo alcanz\u00f3 el 167% y 220% respecto a febrero.El uso de esta herramienta no ayud\u00f3 a bajar los precios.<\/strong><\/em><!--more--><\/p>\n<div id=\"attachment_3593\" style=\"width: 310px\" class=\"wp-caption alignright\"><img loading=\"lazy\" decoding=\"async\" aria-describedby=\"caption-attachment-3593\" class=\"wp-image-3593 size-medium\" src=\"https:\/\/www.visionweb.com.ar\/wp-content\/uploads\/2021\/11\/LA-INDUSTRIA-TEXTIL-FUE-UNA-DE-LAS-QUE-MAS-SE-RECUPERO-EN-AGOSTO-300x169.png\" alt=\"\" width=\"300\" height=\"169\" srcset=\"https:\/\/www.visionweb.com.ar\/wp-content\/uploads\/2021\/11\/LA-INDUSTRIA-TEXTIL-FUE-UNA-DE-LAS-QUE-MAS-SE-RECUPERO-EN-AGOSTO-300x169.png 300w, https:\/\/www.visionweb.com.ar\/wp-content\/uploads\/2021\/11\/LA-INDUSTRIA-TEXTIL-FUE-UNA-DE-LAS-QUE-MAS-SE-RECUPERO-EN-AGOSTO.png 640w\" sizes=\"auto, (max-width: 300px) 100vw, 300px\" \/><p id=\"caption-attachment-3593\" class=\"wp-caption-text\">Las importaciones de ropa en el primer trimestre del a\u00f1o crecieron 72% (Archivo(<\/p><\/div>\n<p><strong>L<\/strong>a CGERA\u00a0 (Confederaci\u00f3n General Econ\u00f3mica) advirti\u00f3 este viernes que las importaciones de productos terminados sirvan para frenar la suba de los precios y propuso revisar el costo argentino.<\/p>\n<p>\u201cLos empresarios sabemos que hubo aumentos, pero queda claro que la importaci\u00f3n no es la soluci\u00f3n; lo que tenemos que discutir es el costo argentino y no pensar que la industria es la culpable\u201d, manifest\u00f3 Marcelo Fern\u00e1ndez, Presidente de CGERA.<\/p>\n<p>Fern\u00e1dez hizo estas declaraciones luego de conocerse\u00a0 la difusi\u00f3n del informe de la Fundaci\u00f3n Pro Tejer en el que se registr\u00f3 una suba de<strong> las importaciones de ropa de 72% en toneladas durante el primer trimestre de 2023.<\/strong><\/p>\n<p><img loading=\"lazy\" decoding=\"async\" class=\"size-medium wp-image-5304 alignright\" src=\"https:\/\/www.visionweb.com.ar\/wp-content\/uploads\/2022\/04\/MARCELO-FERNANDEZ-CGRA-300x200.png\" alt=\"\" width=\"300\" height=\"200\" srcset=\"https:\/\/www.visionweb.com.ar\/wp-content\/uploads\/2022\/04\/MARCELO-FERNANDEZ-CGRA-300x200.png 300w, https:\/\/www.visionweb.com.ar\/wp-content\/uploads\/2022\/04\/MARCELO-FERNANDEZ-CGRA-768x512.png 768w, https:\/\/www.visionweb.com.ar\/wp-content\/uploads\/2022\/04\/MARCELO-FERNANDEZ-CGRA.png 960w\" sizes=\"auto, (max-width: 300px) 100vw, 300px\" \/>En esta l\u00ednea, el empresario record\u00f3 que, aunque \u201csiempre se hablaba de que las importaciones eran un m\u00e9todo para bajar la inflaci\u00f3n\u201d, esta herramienta no logr\u00f3 aminorar la suba de precios de los productos de indumentaria. De hecho, el incremento que tuvo el rubro en abril seg\u00fan el INDEC fue de 10,8%.<\/p>\n<p>Asimismo, el informe de Pro Tejer detalla que el alza interanual en marzo alcanz\u00f3 el 167% y 220% respecto a febrero. Por este motivo, Fern\u00e1ndez explic\u00f3 que tambi\u00e9n \u201ces necesario evaluar si hubo m\u00e1s consumo o si las compras en el exterior fueron en desmedro de la producci\u00f3n nacional\u201d. \u201cLa suba de importaciones de productos terminados no baja los precios y la indumentaria es un claro ejemplo\u201d, concluy\u00f3 el empresario<strong>(VW)<\/strong>.<\/p>\n","protected":false},"excerpt":{"rendered":"<p>El informe de Pro Tejer detalla que el alza interanual en marzo alcanz\u00f3 el 167% y 220% respecto a febrero.El uso de esta herramienta no ayud\u00f3 a bajar los precios.<\/p>\n","protected":false},"author":3,"featured_media":3593,"comment_status":"closed","ping_status":"closed","sticky":false,"template":"","format":"standard","meta":{"_monsterinsights_skip_tracking":false,"_monsterinsights_sitenote_active":false,"_monsterinsights_sitenote_note":"","_monsterinsights_sitenote_category":0,"footnotes":""},"categories":[749],"tags":[3723,117,47,1455],"class_list":["post-10707","post","type-post","status-publish","format-standard","has-post-thumbnail","hentry","category-pymes","tag-bajas","tag-importaciones","tag-precios","tag-textiles"],"_links":{"self":[{"href":"https:\/\/www.visionweb.com.ar\/index.php?rest_route=\/wp\/v2\/posts\/10707","targetHints":{"allow":["GET"]}}],"collection":[{"href":"https:\/\/www.visionweb.com.ar\/index.php?rest_route=\/wp\/v2\/posts"}],"about":[{"href":"https:\/\/www.visionweb.com.ar\/index.php?rest_route=\/wp\/v2\/types\/post"}],"author":[{"embeddable":true,"href":"https:\/\/www.visionweb.com.ar\/index.php?rest_route=\/wp\/v2\/users\/3"}],"replies":[{"embeddable":true,"href":"https:\/\/www.visionweb.com.ar\/index.php?rest_route=%2Fwp%2Fv2%2Fcomments&post=10707"}],"version-history":[{"count":1,"href":"https:\/\/www.visionweb.com.ar\/index.php?rest_route=\/wp\/v2\/posts\/10707\/revisions"}],"predecessor-version":[{"id":10708,"href":"https:\/\/www.visionweb.com.ar\/index.php?rest_route=\/wp\/v2\/posts\/10707\/revisions\/10708"}],"wp:featuredmedia":[{"embeddable":true,"href":"https:\/\/www.visionweb.com.ar\/index.php?rest_route=\/wp\/v2\/media\/3593"}],"wp:attachment":[{"href":"https:\/\/www.visionweb.com.ar\/index.php?rest_route=%2Fwp%2Fv2%2Fmedia&parent=10707"}],"wp:term":[{"taxonomy":"category","embeddable":true,"href":"https:\/\/www.visionweb.com.ar\/index.php?rest_route=%2Fwp%2Fv2%2Fcategories&post=10707"},{"taxonomy":"post_tag","embeddable":true,"href":"https:\/\/www.visionweb.com.ar\/index.php?rest_route=%2Fwp%2Fv2%2Ftags&post=10707"}],"curies":[{"name":"wp","href":"https:\/\/api.w.org\/{rel}","templated":true}]}}