{"id":10704,"date":"2023-05-19T16:03:10","date_gmt":"2023-05-19T19:03:10","guid":{"rendered":"https:\/\/www.visionweb.com.ar\/?p=10704"},"modified":"2023-05-19T16:03:10","modified_gmt":"2023-05-19T19:03:10","slug":"grindetti-con-los-otros-3-pre-candidatos-vamos-a-seguir-trabajando-en-conjunto-estamos-todos-en-el-mismo-equipo","status":"publish","type":"post","link":"https:\/\/www.visionweb.com.ar\/?p=10704","title":{"rendered":"Grindetti: \u00abCon los otros 3 pre candidatos vamos a seguir trabajando en conjunto, estamos todos en el mismo equipo\u201d"},"content":{"rendered":"<p><strong><em>Para el intendente de Lan\u00fas en uso de licencia, uno de los ejes m\u00e1s importantes de los programas que\u00a0 preparan es una fuerte descentralizaci\u00f3n de la ejecuci\u00f3n de determinadas pol\u00edticas p\u00fablicas.<\/em><\/strong><!--more--><\/p>\n<div id=\"attachment_10705\" style=\"width: 310px\" class=\"wp-caption alignright\"><img loading=\"lazy\" decoding=\"async\" aria-describedby=\"caption-attachment-10705\" class=\"wp-image-10705 size-medium\" src=\"https:\/\/www.visionweb.com.ar\/wp-content\/uploads\/2023\/05\/GRINDETTI-1-300x200.jpeg\" alt=\"\" width=\"300\" height=\"200\" srcset=\"https:\/\/www.visionweb.com.ar\/wp-content\/uploads\/2023\/05\/GRINDETTI-1-300x200.jpeg 300w, https:\/\/www.visionweb.com.ar\/wp-content\/uploads\/2023\/05\/GRINDETTI-1.jpeg 640w\" sizes=\"auto, (max-width: 300px) 100vw, 300px\" \/><p id=\"caption-attachment-10705\" class=\"wp-caption-text\">N\u00e9stor Grindetti, pre candidato a gobernador por el PRO<\/p><\/div>\n<p><strong>\u00a0 \u00a0 \u00a0 E<\/strong>l intendente de Lan\u00fas y pre candidato a gobernador del PRO, Nestor Grindetti se refiri\u00f3 a la competencia interna dentro del espacio que conduce Patricia Bullrich, analiz\u00f3 la realidad de la provincia de Buenos Aires y se manifest\u00f3 en contra de la idea de desdoblamiento electoral bonaerense.<\/p>\n<p>\u00abTengo experiencia en administrar situaciones de crisis, fui ministro en la Ciudad, estuve en Lan\u00fas 8 a\u00f1os. Me siento c\u00f3modo en encarar los proyectos y desaf\u00edos que tenemos por delante, al Estado de la Provincia hay que darle vuelta como una media. Es un Estado paquid\u00e9rmico y tremendamente ineficiente. No se resuelve ning\u00fan problema, todo tarda mucho. Se alej\u00f3 de los conceptos que nosotros aplicamos en Lan\u00fas, cercan\u00eda y gesti\u00f3n\u00bb, analiz\u00f3 Grindetti sobre la situaci\u00f3n de la provincia, en declaraciones realizadas a Radio Mitre.<\/p>\n<p>Consultado sobre el posible desdoblamiento electoral en la provincia de Buenos Aires, Grindetti se mostr\u00f3 en desacuerdo : \u00abCreo que es netamente especulativo de parte del gobierno provincial. Creo que es un error garrafal frente a la gente que la pol\u00edtica est\u00e9 hablando de estos temas y no estemos proponiendo soluciones a los problemas que hay a diario\u201d.<\/p>\n<p>Sobre sus propuestas y ejes de campa\u00f1a, Grindetti enfatiz\u00f3: \u201cHace rato digo que hay que trabajar sobre el sentir bonaerense. Uno de los ejes m\u00e1s importantes de los programas que estamos preparando es una fuerte descentralizaci\u00f3n de la ejecuci\u00f3n de determinadas pol\u00edticas p\u00fablicas, sobre todo en la educaci\u00f3n, salud y seguridad a los municipios. Es imposible manejar desde La Plata realidades tan distintas como Lan\u00fas o Carmen de Patagones\u00bb<\/p>\n<p>\u00abAyer hablamos con Javier, Joaqu\u00edn y Cristian y vamos a seguir trabajando juntos , estamos todos en el mismo equipo. Tenemos equipos t\u00e9cnicos que ya estaban trabajando de antes compartiendo proyectos de gobierno\u00bb, sobre si tendr\u00e1n alg\u00fan rol dentro de su armado De La Torre, Iguacel y Ritondo<strong>(VW)<\/strong>.<\/p>\n","protected":false},"excerpt":{"rendered":"<p>Para el intendente de Lan\u00fas en uso de licencia, uno de los ejes m\u00e1s importantes de los programas que\u00a0 preparan es una fuerte descentralizaci\u00f3n de la ejecuci\u00f3n de determinadas pol\u00edticas p\u00fablicas.<\/p>\n","protected":false},"author":3,"featured_media":10705,"comment_status":"closed","ping_status":"closed","sticky":false,"template":"","format":"standard","meta":{"_monsterinsights_skip_tracking":false,"_monsterinsights_sitenote_active":false,"_monsterinsights_sitenote_note":"","_monsterinsights_sitenote_category":0,"footnotes":""},"categories":[4],"tags":[4453,18,148,100],"class_list":["post-10704","post","type-post","status-publish","format-standard","has-post-thumbnail","hentry","category-politica","tag-descentralizacion","tag-grindetti","tag-municipios","tag-salud"],"_links":{"self":[{"href":"https:\/\/www.visionweb.com.ar\/index.php?rest_route=\/wp\/v2\/posts\/10704","targetHints":{"allow":["GET"]}}],"collection":[{"href":"https:\/\/www.visionweb.com.ar\/index.php?rest_route=\/wp\/v2\/posts"}],"about":[{"href":"https:\/\/www.visionweb.com.ar\/index.php?rest_route=\/wp\/v2\/types\/post"}],"author":[{"embeddable":true,"href":"https:\/\/www.visionweb.com.ar\/index.php?rest_route=\/wp\/v2\/users\/3"}],"replies":[{"embeddable":true,"href":"https:\/\/www.visionweb.com.ar\/index.php?rest_route=%2Fwp%2Fv2%2Fcomments&post=10704"}],"version-history":[{"count":1,"href":"https:\/\/www.visionweb.com.ar\/index.php?rest_route=\/wp\/v2\/posts\/10704\/revisions"}],"predecessor-version":[{"id":10706,"href":"https:\/\/www.visionweb.com.ar\/index.php?rest_route=\/wp\/v2\/posts\/10704\/revisions\/10706"}],"wp:featuredmedia":[{"embeddable":true,"href":"https:\/\/www.visionweb.com.ar\/index.php?rest_route=\/wp\/v2\/media\/10705"}],"wp:attachment":[{"href":"https:\/\/www.visionweb.com.ar\/index.php?rest_route=%2Fwp%2Fv2%2Fmedia&parent=10704"}],"wp:term":[{"taxonomy":"category","embeddable":true,"href":"https:\/\/www.visionweb.com.ar\/index.php?rest_route=%2Fwp%2Fv2%2Fcategories&post=10704"},{"taxonomy":"post_tag","embeddable":true,"href":"https:\/\/www.visionweb.com.ar\/index.php?rest_route=%2Fwp%2Fv2%2Ftags&post=10704"}],"curies":[{"name":"wp","href":"https:\/\/api.w.org\/{rel}","templated":true}]}}