{"id":10701,"date":"2023-05-19T13:15:46","date_gmt":"2023-05-19T16:15:46","guid":{"rendered":"https:\/\/www.visionweb.com.ar\/?p=10701"},"modified":"2023-05-19T13:15:46","modified_gmt":"2023-05-19T16:15:46","slug":"provincia-vuelve-una-noche-en-los-museos","status":"publish","type":"post","link":"https:\/\/www.visionweb.com.ar\/?p=10701","title":{"rendered":"Provincia: Vuelve \u201cUna Noche en los Museos\u201d"},"content":{"rendered":"<p><em>Museos e instituciones culturales se suman a este evento nocturno y gratuito del s\u00e1bado 20, con visitas guiadas, recorridos y variadas actividades. El objetivo es volver m\u00e1s accesibles los museos y\u00a0 conocer el patrimonio de estas instituciones.<\/em><!--more--><\/p>\n<p><strong> <img loading=\"lazy\" decoding=\"async\" class=\"size-full wp-image-10702 alignright\" src=\"https:\/\/www.visionweb.com.ar\/wp-content\/uploads\/2023\/05\/museos.png\" alt=\"\" width=\"206\" height=\"143\" \/> L<\/strong>lega una nueva edici\u00f3n de\u00a0<strong>\u00abUna Noche en los Museos\u00bb<\/strong>, ma\u00f1ana s\u00e1bado 20 de mayo, impulsada por el<strong>\u00a0Instituto Cultural de la Provincia de<\/strong> Buenos Aires, \u00a0con <strong>entrada libre<\/strong>\u00a0y\u00a0<strong>gratuita<\/strong>, y en un horario no habitual, de<strong>\u00a018 a 24, ofrecer\u00e1n <\/strong>\u00a0<strong>programaciones<\/strong>\u00a0especiales y\u00a0<strong>espect\u00e1culos<\/strong>\u00a0para toda la familia, con el principal objetivo de propiciar una manera diferente de acercarse, conocer y recorrer la riqueza del patrimonio cultural.<\/p>\n<p>Esta nueva edici\u00f3n de \u201cUna noche en los Museos\u201d contar\u00e1 con m\u00e1s de 200 instituciones, distribuidas en 60 municipios.<\/p>\n<p>Este evento comenz\u00f3 a desarrollarse en La Plata en 2008, y luego de la exitosa experiencia del a\u00f1o pasado, el principal <strong>objetivo de la edici\u00f3n 2023<\/strong> es profundizar y multiplicar el alcance territorial y cultural del programa, ofreciendo una forma diferente de acercarse, conocer y recorrer la riqueza del patrimonio cultural bonaerense.<\/p>\n<p>En ese sentido, el Director Provincial de<strong>\u00a0Patrimonio Cultural<\/strong>, <strong>Pedro Delheye<\/strong> detall\u00f3 que: \u201cLa idea es volver m\u00e1s accesibles los museos, propiciar experiencias y nuevos v\u00ednculos entre personas y expresiones culturales y proponer novedosas maneras de conocer el patrimonio de estas instituciones\u201d.<\/p>\n<p>\u201cEl objetivo de este a\u00f1o se centra en profundizar y multiplicar el alcance territorial y cultural del programa. Tambi\u00e9n, habilitar y promover mayor afluencia en las instituciones muse\u00edsticas para continuar fomentando el acceso a los patrimonios de nuestra Provincia\u201d sintetiz\u00f3 el director.<\/p>\n<p>Algunas instituciones que participaron en 2022: El Complejo Museogr\u00e1fico Enrique Udaondo de Luj\u00e1n. El Museo Hist\u00f3rico Libres del Sur de Dolores. El Museo Emilio Pettoruti. El Archivo Hist\u00f3rico Ricardo Levene. El Centro Provincial de las Artes Teatro Argentino de La Plata. El Museo y Biblioteca Provincial Juan Domingo Per\u00f3n de Lobos. El Museo Hist\u00f3rico 17 de Octubre de San Vicente. El Museo Provincial Guillermo Enrique Hudson de Florencio Varela. El Museo de Arte Contempor\u00e1neo MAR de Mar del Plata.<\/p>\n<p>Algunas localidades que abrieron sus puertas: Magdalena, General Paz (Ranchos), Punta Indio, Quilmes, Avellaneda, Adolfo Alsina, Gonzales Chavez, Ensenada, San Andr\u00e9s de Giles, Balcarce, La Plata UNLP, Carmen de Areco, Florencio Varela, San NIcol\u00e1s, Berisso, General PInto, Esteban Echeverr\u00eda, Mor\u00f3n, Salliquel\u00f3, Castelli, Las Flores, Luj\u00e1n, Trenque Lauquen, Partido de la Costa, Villa Gesell, Merlo, General Belgrano, San Fernando, Mar Chiquita, Tapalqu\u00e9, Saladillo, Suipacha, General Alvarado, Baradero, Puan y Tornquist. <strong>(VW)<\/strong><\/p>\n","protected":false},"excerpt":{"rendered":"<p>Museos e instituciones culturales se suman a este evento nocturno y gratuito del s\u00e1bado 20, con visitas guiadas, recorridos y variadas actividades. El objetivo es volver m\u00e1s accesibles los museos y\u00a0 conocer el patrimonio&#46;&#46;&#46;<\/p>\n","protected":false},"author":4,"featured_media":10702,"comment_status":"closed","ping_status":"closed","sticky":false,"template":"","format":"standard","meta":{"_monsterinsights_skip_tracking":false,"_monsterinsights_sitenote_active":false,"_monsterinsights_sitenote_note":"","_monsterinsights_sitenote_category":0,"footnotes":""},"categories":[8],"tags":[139,4452,356,4451,4450],"class_list":["post-10701","post","type-post","status-publish","format-standard","has-post-thumbnail","hentry","category-interes-general","tag-cultura","tag-pedro-delheye","tag-provincia","tag-sabado-20-de-mayo","tag-unanoche-en-los-museos"],"_links":{"self":[{"href":"https:\/\/www.visionweb.com.ar\/index.php?rest_route=\/wp\/v2\/posts\/10701","targetHints":{"allow":["GET"]}}],"collection":[{"href":"https:\/\/www.visionweb.com.ar\/index.php?rest_route=\/wp\/v2\/posts"}],"about":[{"href":"https:\/\/www.visionweb.com.ar\/index.php?rest_route=\/wp\/v2\/types\/post"}],"author":[{"embeddable":true,"href":"https:\/\/www.visionweb.com.ar\/index.php?rest_route=\/wp\/v2\/users\/4"}],"replies":[{"embeddable":true,"href":"https:\/\/www.visionweb.com.ar\/index.php?rest_route=%2Fwp%2Fv2%2Fcomments&post=10701"}],"version-history":[{"count":1,"href":"https:\/\/www.visionweb.com.ar\/index.php?rest_route=\/wp\/v2\/posts\/10701\/revisions"}],"predecessor-version":[{"id":10703,"href":"https:\/\/www.visionweb.com.ar\/index.php?rest_route=\/wp\/v2\/posts\/10701\/revisions\/10703"}],"wp:featuredmedia":[{"embeddable":true,"href":"https:\/\/www.visionweb.com.ar\/index.php?rest_route=\/wp\/v2\/media\/10702"}],"wp:attachment":[{"href":"https:\/\/www.visionweb.com.ar\/index.php?rest_route=%2Fwp%2Fv2%2Fmedia&parent=10701"}],"wp:term":[{"taxonomy":"category","embeddable":true,"href":"https:\/\/www.visionweb.com.ar\/index.php?rest_route=%2Fwp%2Fv2%2Fcategories&post=10701"},{"taxonomy":"post_tag","embeddable":true,"href":"https:\/\/www.visionweb.com.ar\/index.php?rest_route=%2Fwp%2Fv2%2Ftags&post=10701"}],"curies":[{"name":"wp","href":"https:\/\/api.w.org\/{rel}","templated":true}]}}