{"id":10695,"date":"2023-05-19T11:36:12","date_gmt":"2023-05-19T14:36:12","guid":{"rendered":"https:\/\/www.visionweb.com.ar\/?p=10695"},"modified":"2023-05-19T16:19:02","modified_gmt":"2023-05-19T19:19:02","slug":"consumo-cayeron-las-ventas-en-almacenes-y-comercios-de-barrio","status":"publish","type":"post","link":"https:\/\/www.visionweb.com.ar\/?p=10695","title":{"rendered":"Consumo: Cayeron las ventas en almacenes y comercios de barrio"},"content":{"rendered":"<p><em><strong>Un informe indic\u00f3 una ca\u00edda del 4,5% en abril en comercios barriales en AMBA. Mientras que subieron un 8,8% en las grandes cadenas. La diferencia de precios radica entre los peque\u00f1os negocios y los grandes supermercados con mayor oferta y promociones.<\/strong><\/em><!--more--><\/p>\n<p><strong>\u00a0 <img loading=\"lazy\" decoding=\"async\" class=\"size-full wp-image-10696 alignright\" src=\"https:\/\/www.visionweb.com.ar\/wp-content\/uploads\/2023\/05\/almacenes.png\" alt=\"\" width=\"210\" height=\"118\" \/> L<\/strong>as ventas de\u00a0<strong>productos masivos en autoservicios y almacenes del \u00c1rea Metropolitana de Buenos Aires (CABA y conurbano bonaerense) cayeron un 4,5% en abril, y 21% anual frente al mismo mes del a\u00f1o pasado<\/strong>, de acuerdo a un relevamiento de la consultora Scentia.<\/p>\n<p>La fuerte merma en el consumo de cercan\u00eda se da en un escenario de elevada inflaci\u00f3n que alcanz\u00f3 el 8,4% durante el cuarto mes del a\u00f1o.<\/p>\n<p>El an\u00e1lisis est\u00e1\u00a0<strong>basado en el volumen de ventas, y arroja que el marcado retroceso en las ventas de los comercios de barrio tiene que ver con la diferencia de precios entre esos peque\u00f1os negocios y los grandes supermercados,\u00a0<\/strong>lo que produce la migraci\u00f3n de consumidores hacia los puntos de venta m\u00e1s importantes.<\/p>\n<p>En ese sentido, el relevamiento indica que\u00a0<strong>las ventas en las grandes superficies del AMBA se incrementaron un 8,8% en abril.<\/strong><\/p>\n<p>Este rendimiento positivo no fue suficiente para torcer el impacto del retroceso en los peque\u00f1os comercios, por lo que\u00a0<strong>la venta de productos masivos registr\u00f3 una baja del 4,5% en el mes de abril<\/strong>.<\/p>\n<p><strong>El consumo masivo a nivel nacional retrocedi\u00f3 apenas un 0,3%, debido a la compensaci\u00f3n que gener\u00f3 el alza del 2,6% en las ventas de los comercios del interior del pa\u00eds<\/strong>. Se estima que la diferencia, en parte, puede radicar en la\u00a0<strong>afluencia de turistas de pa\u00edses lim\u00edtrofes al territorio nacional\u00a0<\/strong>que impuls\u00f3 un notorio salto de las ventas en las localidades fronterizas.<\/p>\n<p>En ese sentido, la consultora Scentia revel\u00f3 que en el primer trimestre del a\u00f1o,\u00a0<strong>las ventas en los comercios de Gualeguaych\u00fa crecieron 78% respecto del mismo lapso de 2022.<\/strong>\u00a0Esto se explica a ra\u00edz del masivo ingreso de turistas uruguayos, beneficiados por la diferencia cambiaria, que cruzan para abastecerse de productos que cuestan hasta dos o tres veces m\u00e1s del otro lado del R\u00edo de la Plata.<\/p>\n<p>El relevamiento de la consultora tambi\u00e9n arroja que hubo una\u00a0<strong>mejora del 29% en las ventas de comercios de Concordia, y del 25% en Col\u00f3n<\/strong>. Mientras que de igual manera se exhibieron fuertes alzas en las ventas en las\u00a0<strong>localidades fronterizas con Chile y Paraguay. (VW)<\/strong><\/p>\n<p>&nbsp;<\/p>\n","protected":false},"excerpt":{"rendered":"<p>Un informe indic\u00f3 una ca\u00edda del 4,5% en abril en comercios barriales en AMBA. Mientras que subieron un 8,8% en las grandes cadenas. La diferencia de precios radica entre los peque\u00f1os negocios y los&#46;&#46;&#46;<\/p>\n","protected":false},"author":4,"featured_media":10696,"comment_status":"closed","ping_status":"closed","sticky":false,"template":"","format":"standard","meta":{"_monsterinsights_skip_tracking":false,"_monsterinsights_sitenote_active":false,"_monsterinsights_sitenote_note":"","_monsterinsights_sitenote_category":0,"footnotes":""},"categories":[6,5],"tags":[799,4445,4446,4447],"class_list":["post-10695","post","type-post","status-publish","format-standard","has-post-thumbnail","hentry","category-economia","category-sociedad","tag-abril","tag-cayeron-ventas-en-almacenes","tag-consumo-en-comercios-de-barrio","tag-scentia"],"_links":{"self":[{"href":"https:\/\/www.visionweb.com.ar\/index.php?rest_route=\/wp\/v2\/posts\/10695","targetHints":{"allow":["GET"]}}],"collection":[{"href":"https:\/\/www.visionweb.com.ar\/index.php?rest_route=\/wp\/v2\/posts"}],"about":[{"href":"https:\/\/www.visionweb.com.ar\/index.php?rest_route=\/wp\/v2\/types\/post"}],"author":[{"embeddable":true,"href":"https:\/\/www.visionweb.com.ar\/index.php?rest_route=\/wp\/v2\/users\/4"}],"replies":[{"embeddable":true,"href":"https:\/\/www.visionweb.com.ar\/index.php?rest_route=%2Fwp%2Fv2%2Fcomments&post=10695"}],"version-history":[{"count":1,"href":"https:\/\/www.visionweb.com.ar\/index.php?rest_route=\/wp\/v2\/posts\/10695\/revisions"}],"predecessor-version":[{"id":10697,"href":"https:\/\/www.visionweb.com.ar\/index.php?rest_route=\/wp\/v2\/posts\/10695\/revisions\/10697"}],"wp:featuredmedia":[{"embeddable":true,"href":"https:\/\/www.visionweb.com.ar\/index.php?rest_route=\/wp\/v2\/media\/10696"}],"wp:attachment":[{"href":"https:\/\/www.visionweb.com.ar\/index.php?rest_route=%2Fwp%2Fv2%2Fmedia&parent=10695"}],"wp:term":[{"taxonomy":"category","embeddable":true,"href":"https:\/\/www.visionweb.com.ar\/index.php?rest_route=%2Fwp%2Fv2%2Fcategories&post=10695"},{"taxonomy":"post_tag","embeddable":true,"href":"https:\/\/www.visionweb.com.ar\/index.php?rest_route=%2Fwp%2Fv2%2Ftags&post=10695"}],"curies":[{"name":"wp","href":"https:\/\/api.w.org\/{rel}","templated":true}]}}