{"id":10692,"date":"2023-05-19T10:57:12","date_gmt":"2023-05-19T13:57:12","guid":{"rendered":"https:\/\/www.visionweb.com.ar\/?p=10692"},"modified":"2023-05-19T10:57:12","modified_gmt":"2023-05-19T13:57:12","slug":"paso-manes-confirmo-que-sera-precandidato-a-presidente","status":"publish","type":"post","link":"https:\/\/www.visionweb.com.ar\/?p=10692","title":{"rendered":"PASO: Manes confirm\u00f3 que ser\u00e1 precandidato a presidente"},"content":{"rendered":"<p><em><strong>Lo hizo a trav\u00e9s de un video en sus redes sociales. Rechaz\u00f3 la posibilidad de integrar f\u00f3rmulas cruzadas.<\/strong> <strong>\u201cA no ser que me hagan un trasplante de cerebro,\u00a0no me van a cambiar mis ideas\u2019 dijo.<\/strong><\/em><!--more--><\/p>\n<p><strong>\u00a0 <img loading=\"lazy\" decoding=\"async\" class=\"size-full wp-image-10693 alignright\" src=\"https:\/\/www.visionweb.com.ar\/wp-content\/uploads\/2023\/05\/manes.png\" alt=\"\" width=\"240\" height=\"135\" \/>\u00a0 E<\/strong>l diputado nacional por la UCR,<strong> Facundo Manes, anunci\u00f3 que se postular\u00e1 como precandidato a presidente de la Naci\u00f3n en la interna de\u00a0Juntos por el Cambio, en representaci\u00f3n de la\u00a0Uni\u00f3n C\u00edvica Radical (UCR). <\/strong><\/p>\n<p>\u00abMa\u00f1ana les voy a contar algo importante\u00bb, dijo ayer, y a primera hora de este viernes public\u00f3 un video en sus redes sociales, en el cual confirm\u00f3 que ser\u00e1 precandidato a presidente de la Naci\u00f3n en las pr\u00f3ximas elecciones.<\/p>\n<p>\u00ab<strong>Decid\u00ed postularme a Presidente de la Naci\u00f3n, para estabilizar la econom\u00eda, desarrollarnos y sacar a nuestro pa\u00eds adelante, para recuperar el sue\u00f1o argentino de prosperidad, para volver a caminar hacia el futuro con la cabeza en alto<\/strong>\u00ab, explic\u00f3 en el anuncio.<\/p>\n<p>Ahora, el radicalismo tiene el desaf\u00edo de definir c\u00f3mo ordenar dos voluntades, ya que Gerardo Morales (gobernador de Jujuy) ya fue confirmado d\u00edas atr\u00e1s por Mauricio D\u2019Alessandro, que sostuvo que era el \u00fanico candidato por la UCR.<\/p>\n<p>\u201cA no ser que me hagan un trasplante de cerebro,\u00a0<strong>no me van a cambiar mis ideas<\/strong>.\u00a0<strong>Nosotros desde el radicalismo vamos a ir a las PASO<\/strong>. Hay mucha gente que me apoya,<strong>\u00a0yo voy a ser candidato a Presidente<\/strong>\u201d, expres\u00f3 Manes.<\/p>\n<p><strong>\u201cNo me parece que la\u00a0coalici\u00f3n opositora\u00a0tenga que reducirse a una interna del PRO\u201d, asegur\u00f3 d\u00edas atr\u00e1s. \u201cYo estoy pensando en conducir la Argentina, de cambiar en serio, no vender espejitos de colores. Y para eso\u00a0necesitamos ser mayor\u00eda legislativa, que pueda transformar la Argentina, y eso se puede hacer con coaliciones. Entonces cuanto m\u00e1s la ampliemos, m\u00e1s posibilidades de ganar tenemos\u201d.<\/strong><\/p>\n<p>Con referencia a Javier Milei dijo: \u201dEs un remedio vencido, propone la intolerancia que probamos en Argentina y no queremos m\u00e1s. El que llega por el odio gobierna por el odio\u00bb, analiz\u00f3. <strong>(VW)<\/strong><\/p>\n","protected":false},"excerpt":{"rendered":"<p>Lo hizo a trav\u00e9s de un video en sus redes sociales. Rechaz\u00f3 la posibilidad de integrar f\u00f3rmulas cruzadas. \u201cA no ser que me hagan un trasplante de cerebro,\u00a0no me van a cambiar mis ideas\u2019&#46;&#46;&#46;<\/p>\n","protected":false},"author":4,"featured_media":10693,"comment_status":"closed","ping_status":"closed","sticky":false,"template":"","format":"standard","meta":{"_monsterinsights_skip_tracking":false,"_monsterinsights_sitenote_active":false,"_monsterinsights_sitenote_note":"","_monsterinsights_sitenote_category":0,"footnotes":""},"categories":[4],"tags":[2187,4036,551],"class_list":["post-10692","post","type-post","status-publish","format-standard","has-post-thumbnail","hentry","category-politica","tag-facundo-manes","tag-precandidato-a-presidente","tag-ucr"],"_links":{"self":[{"href":"https:\/\/www.visionweb.com.ar\/index.php?rest_route=\/wp\/v2\/posts\/10692","targetHints":{"allow":["GET"]}}],"collection":[{"href":"https:\/\/www.visionweb.com.ar\/index.php?rest_route=\/wp\/v2\/posts"}],"about":[{"href":"https:\/\/www.visionweb.com.ar\/index.php?rest_route=\/wp\/v2\/types\/post"}],"author":[{"embeddable":true,"href":"https:\/\/www.visionweb.com.ar\/index.php?rest_route=\/wp\/v2\/users\/4"}],"replies":[{"embeddable":true,"href":"https:\/\/www.visionweb.com.ar\/index.php?rest_route=%2Fwp%2Fv2%2Fcomments&post=10692"}],"version-history":[{"count":1,"href":"https:\/\/www.visionweb.com.ar\/index.php?rest_route=\/wp\/v2\/posts\/10692\/revisions"}],"predecessor-version":[{"id":10694,"href":"https:\/\/www.visionweb.com.ar\/index.php?rest_route=\/wp\/v2\/posts\/10692\/revisions\/10694"}],"wp:featuredmedia":[{"embeddable":true,"href":"https:\/\/www.visionweb.com.ar\/index.php?rest_route=\/wp\/v2\/media\/10693"}],"wp:attachment":[{"href":"https:\/\/www.visionweb.com.ar\/index.php?rest_route=%2Fwp%2Fv2%2Fmedia&parent=10692"}],"wp:term":[{"taxonomy":"category","embeddable":true,"href":"https:\/\/www.visionweb.com.ar\/index.php?rest_route=%2Fwp%2Fv2%2Fcategories&post=10692"},{"taxonomy":"post_tag","embeddable":true,"href":"https:\/\/www.visionweb.com.ar\/index.php?rest_route=%2Fwp%2Fv2%2Ftags&post=10692"}],"curies":[{"name":"wp","href":"https:\/\/api.w.org\/{rel}","templated":true}]}}