{"id":10682,"date":"2023-05-19T09:46:47","date_gmt":"2023-05-19T12:46:47","guid":{"rendered":"https:\/\/www.visionweb.com.ar\/?p=10682"},"modified":"2023-05-18T19:55:59","modified_gmt":"2023-05-18T22:55:59","slug":"lanus-y-otros-municipios-de-la-cuenca-trabajan-en-el-plan-regional-de-residuos-solidos","status":"publish","type":"post","link":"https:\/\/www.visionweb.com.ar\/?p=10682","title":{"rendered":"Lan\u00fas y otros municipios de la Cuenca trabajan en el plan regional de residuos s\u00f3lidos"},"content":{"rendered":"<p><em><strong>Se presentaron las distintas acciones que\u00a0 la Autoridad de Cuenca lleva adelante en materia de limpieza, saneamiento, prevenci\u00f3n para un manejo responsable de los residuos.<\/strong><\/em><!--more--><\/p>\n<div id=\"attachment_10683\" style=\"width: 310px\" class=\"wp-caption alignright\"><img loading=\"lazy\" decoding=\"async\" aria-describedby=\"caption-attachment-10683\" class=\"wp-image-10683 size-medium\" src=\"https:\/\/www.visionweb.com.ar\/wp-content\/uploads\/2023\/05\/ACUMAR-RESIDUOS-SOLIDOS-300x160.png\" alt=\"\" width=\"300\" height=\"160\" srcset=\"https:\/\/www.visionweb.com.ar\/wp-content\/uploads\/2023\/05\/ACUMAR-RESIDUOS-SOLIDOS-300x160.png 300w, https:\/\/www.visionweb.com.ar\/wp-content\/uploads\/2023\/05\/ACUMAR-RESIDUOS-SOLIDOS.png 640w\" sizes=\"auto, (max-width: 300px) 100vw, 300px\" \/><p id=\"caption-attachment-10683\" class=\"wp-caption-text\"><strong><em>Lan\u00fas y los municipios de la Cuenca trabajan en el manejo de residuos s\u00f3lidos junto a ACUMAR (Foto: Acumar)<\/em><\/strong><\/p><\/div>\n<p><strong>A<\/strong> trav\u00e9s de tres jornadas, el Consejo Municipal de\u00a0<b>ACUMAR<\/b>\u00a0trabaj\u00f3 junto a las distintas jurisdicciones en un Plan Regional para la Gesti\u00f3n Integral de los Residuos S\u00f3lidos Urbanos en el territorio de la Cuenca.<\/p>\n<p>Para ello, se realizaron esta semana reuniones organizadas por subcuenca: Alta (Ca\u00f1uelas, General Las Heras, Marcos Paz, Presidente Per\u00f3n y San Vicente); Media (Almirante Brown, Esteban Echeverr\u00eda, Ezeiza, La Matanza, Merlo y Mor\u00f3n) y Baja (Avellaneda, CABA, Lan\u00fas y Lomas de Zamora).<\/p>\n<p>En un encuentro previo, se expusieron las distintas acciones que la Autoridad de Cuenca lleva adelante en materia de limpieza, saneamiento, prevenci\u00f3n y promoci\u00f3n para un manejo responsable de los residuos, con el objetivo de repasar los tipos de trabajos que se realizan conjuntamente con cada municipio y as\u00ed dise\u00f1ar un plan conjunto e integral.<\/p>\n<p>En esta oportunidad, luego de analizar la situaci\u00f3n espec\u00edfica de cada distrito, se present\u00f3 el proyecto preliminar del plan regional, con el objetivo de realizar una puesta en com\u00fan y devoluciones por subcuenca, a fin de dar por concluido el proceso de elaboraci\u00f3n y, a trav\u00e9s de los acuerdos alcanzados, avanzar a la siguiente etapa.<\/p>\n<p><i>\u201cA trav\u00e9s de estos acuerdos estrat\u00e9gicos y de la construcci\u00f3n de un plan regional, conjunto e integral, podemos dise\u00f1ar pol\u00edticas p\u00fablicas que minimicen la generaci\u00f3n de residuos, mejoren su gesti\u00f3n y disminuyan su impacto. Se trata de una l\u00ednea de acci\u00f3n fundamental, ya que son una de las principales fuentes actuales de contaminaci\u00f3n del r\u00edo y los arroyos\u201d<\/i>, destac\u00f3 el director del Consejo Municipal de\u00a0<b>ACUMAR<\/b>, Santiago Pirolo, quien coordin\u00f3 los encuentros.<\/p>\n<p>La reuni\u00f3n cont\u00f3 tambi\u00e9n con la participaci\u00f3n de la coordinadora del Consejo Municipal, Patricia \u00c1lvez, el director de Gesti\u00f3n de Residuos S\u00f3lidos Urbanos, Ricardo Rollandi, la coordinadora de Residuos S\u00f3lidos Urbanos, Natalia Irurita, e integrantes de los 14 municipios de la Cuenca y de la Ciudad Aut\u00f3noma de Buenos Aires<strong>(VW)<\/strong>.<\/p>\n","protected":false},"excerpt":{"rendered":"<p>Se presentaron las distintas acciones que\u00a0 la Autoridad de Cuenca lleva adelante en materia de limpieza, saneamiento, prevenci\u00f3n para un manejo responsable de los residuos.<\/p>\n","protected":false},"author":3,"featured_media":10683,"comment_status":"closed","ping_status":"closed","sticky":false,"template":"","format":"standard","meta":{"_monsterinsights_skip_tracking":false,"_monsterinsights_sitenote_active":false,"_monsterinsights_sitenote_note":"","_monsterinsights_sitenote_category":0,"footnotes":""},"categories":[5],"tags":[191,148,377],"class_list":["post-10682","post","type-post","status-publish","format-standard","has-post-thumbnail","hentry","category-sociedad","tag-cuenca","tag-municipios","tag-residuos"],"_links":{"self":[{"href":"https:\/\/www.visionweb.com.ar\/index.php?rest_route=\/wp\/v2\/posts\/10682","targetHints":{"allow":["GET"]}}],"collection":[{"href":"https:\/\/www.visionweb.com.ar\/index.php?rest_route=\/wp\/v2\/posts"}],"about":[{"href":"https:\/\/www.visionweb.com.ar\/index.php?rest_route=\/wp\/v2\/types\/post"}],"author":[{"embeddable":true,"href":"https:\/\/www.visionweb.com.ar\/index.php?rest_route=\/wp\/v2\/users\/3"}],"replies":[{"embeddable":true,"href":"https:\/\/www.visionweb.com.ar\/index.php?rest_route=%2Fwp%2Fv2%2Fcomments&post=10682"}],"version-history":[{"count":1,"href":"https:\/\/www.visionweb.com.ar\/index.php?rest_route=\/wp\/v2\/posts\/10682\/revisions"}],"predecessor-version":[{"id":10684,"href":"https:\/\/www.visionweb.com.ar\/index.php?rest_route=\/wp\/v2\/posts\/10682\/revisions\/10684"}],"wp:featuredmedia":[{"embeddable":true,"href":"https:\/\/www.visionweb.com.ar\/index.php?rest_route=\/wp\/v2\/media\/10683"}],"wp:attachment":[{"href":"https:\/\/www.visionweb.com.ar\/index.php?rest_route=%2Fwp%2Fv2%2Fmedia&parent=10682"}],"wp:term":[{"taxonomy":"category","embeddable":true,"href":"https:\/\/www.visionweb.com.ar\/index.php?rest_route=%2Fwp%2Fv2%2Fcategories&post=10682"},{"taxonomy":"post_tag","embeddable":true,"href":"https:\/\/www.visionweb.com.ar\/index.php?rest_route=%2Fwp%2Fv2%2Ftags&post=10682"}],"curies":[{"name":"wp","href":"https:\/\/api.w.org\/{rel}","templated":true}]}}