{"id":10678,"date":"2023-05-18T17:59:54","date_gmt":"2023-05-18T20:59:54","guid":{"rendered":"https:\/\/www.visionweb.com.ar\/?p=10678"},"modified":"2023-05-18T17:59:54","modified_gmt":"2023-05-18T20:59:54","slug":"otro-paro-de-colectivos-para-manana-viernes","status":"publish","type":"post","link":"https:\/\/www.visionweb.com.ar\/?p=10678","title":{"rendered":"Otro paro de colectivos para ma\u00f1ana viernes"},"content":{"rendered":"<p><em><strong>La Lista Azul pide entre otros reclamos nivelar los salarios y m\u00e1s seguridad. La mayor\u00eda de las l\u00edneas afectadas pertenecen a la empresa DOTA.<\/strong><\/em><!--more--><\/p>\n<p><strong>\u00a0\u00a0\u00a0 <img loading=\"lazy\" decoding=\"async\" class=\"size-full wp-image-10679 alignright\" src=\"https:\/\/www.visionweb.com.ar\/wp-content\/uploads\/2023\/05\/paro-colect.png\" alt=\"\" width=\"255\" height=\"128\" \/>\u00a0 H<\/strong>abr\u00e1 un\u00a0<strong>paro nacional de colectivos este viernes\u00a019, anunciado por la Lista Azul, un sector disidente de la Uni\u00f3n Tranviarios Automotor (UTA), <\/strong>en reclamo al impedimento por parte de la conducci\u00f3n del sindicato para que integrantes de su agrupaci\u00f3n asuman en cinco seccionales del interior del pa\u00eds en las que se impusieron.<\/p>\n<p>En el reclamo acusan a la direcci\u00f3n nacional del gremio de negarse a entregar el control de las delegaciones y acusan tambi\u00e9n al Ministerio de Trabajo, Empleo y Seguridad Social a cargo de Kelly Olmos de no interceder en el asunto.<\/p>\n<p>A trav\u00e9s de un comunicado, la Lista Azul de la UTA, advirti\u00f3 que \u201c<strong>de sostenerse estas condiciones, las medidas puedan irse repitiendo e incluso agravando\u00a0<\/strong>en lo sucesivo, pues la injusticia manifiesta en el accionar de (Roberto) Fern\u00e1ndez y (Jorge) Kiener obligan a profundizar el plan de lucha\u201d.<\/p>\n<p>Durante el plenario de delegados realizado el fin de semana en las puertas de la sede de Trabajo indicaron un petitorio\u00a0<strong>con cuatro reclamos centrales<\/strong>:<\/p>\n<ul>\n<li>El nivel salarial \u201cdispar\u201d de la actividad y\u00a0<strong>la degradaci\u00f3n del poder adquisitivo de los trabajadores\u00a0<\/strong>con sueldos debajo de la l\u00ednea de pobreza.<\/li>\n<li>El pago de\u00a0<strong>jubilaciones bajas a causa de que el 88% de lo que cobran los trabajadores en actividad es no remunerativo.<\/strong><\/li>\n<li>La\u00a0<strong>tercerizaci\u00f3n de servicios propios\u00a0<\/strong>de la actividad.<\/li>\n<li>El\u00a0<strong>incumplimiento de la normativa obligatoria en materia de seguridad\u00a0<\/strong>con unidades de m\u00e1s de diez a\u00f1os de antig\u00fcedad, motores frontales y la falta de c\u00e1maras en las unidades que circulan en territorio bonaerense.<\/li>\n<\/ul>\n<p><strong>Qu\u00e9 l\u00edneas estar\u00edan adhiri\u00e9ndose: <\/strong><\/p>\n<p>Si bien hasta el momento no hay confirmaci\u00f3n de qu\u00e9 l\u00edneas adherir\u00e1n a la medida de fuerza, la lista Azul y Blanca\u00a0<strong>suele hegemonizar las comisiones internas de alrededor de 80 l\u00edneas, la mayor\u00eda pertenecientes a la empresa DOTA.<\/strong><\/p>\n<p><strong>Cabe recordar que en la medida anterior de la\u00a0lista Azul\u00a0participaron los siguientes ramales:<\/strong><\/p>\n<p>Los colectivos que no prestaron servicio\u00a0<strong>el pasado 17 de marzo fueron\u00a0<\/strong>la 5, 6, 7, 8, 9, 10, 20, 21, 23, 24, 25, 28, 31, 44, 50, 51, 56, 57, 74, 76, 79, 84, 91, 99, 101, 106, 107, 108, 117, 130, 135, 146, 150, 161, 164, 168, 177, 188, 256, 263, 271, 277, 299, 370, 384, 385, 388, 403, 405, 421, 429 y 435, 503 de San Vicente, 514 de Almirante Brown, 520 de Lan\u00fas y 570 de Avellaneda.<\/p>\n<p>Tambi\u00e9n las l\u00edneas locales de Lomas de Zamora, 540, 542, 548, 550, 551, 552 y 553. <strong>(VW)<\/strong><\/p>\n<p>&nbsp;<\/p>\n","protected":false},"excerpt":{"rendered":"<p>La Lista Azul pide entre otros reclamos nivelar los salarios y m\u00e1s seguridad. La mayor\u00eda de las l\u00edneas afectadas pertenecen a la empresa DOTA.<\/p>\n","protected":false},"author":4,"featured_media":10679,"comment_status":"closed","ping_status":"closed","sticky":false,"template":"","format":"standard","meta":{"_monsterinsights_skip_tracking":false,"_monsterinsights_sitenote_active":false,"_monsterinsights_sitenote_note":"","_monsterinsights_sitenote_category":0,"footnotes":""},"categories":[4,5],"tags":[4443,4158,833,2697],"class_list":["post-10678","post","type-post","status-publish","format-standard","has-post-thumbnail","hentry","category-politica","category-sociedad","tag-dota","tag-lista-azul","tag-paro-de-colectivos","tag-uta"],"_links":{"self":[{"href":"https:\/\/www.visionweb.com.ar\/index.php?rest_route=\/wp\/v2\/posts\/10678","targetHints":{"allow":["GET"]}}],"collection":[{"href":"https:\/\/www.visionweb.com.ar\/index.php?rest_route=\/wp\/v2\/posts"}],"about":[{"href":"https:\/\/www.visionweb.com.ar\/index.php?rest_route=\/wp\/v2\/types\/post"}],"author":[{"embeddable":true,"href":"https:\/\/www.visionweb.com.ar\/index.php?rest_route=\/wp\/v2\/users\/4"}],"replies":[{"embeddable":true,"href":"https:\/\/www.visionweb.com.ar\/index.php?rest_route=%2Fwp%2Fv2%2Fcomments&post=10678"}],"version-history":[{"count":1,"href":"https:\/\/www.visionweb.com.ar\/index.php?rest_route=\/wp\/v2\/posts\/10678\/revisions"}],"predecessor-version":[{"id":10680,"href":"https:\/\/www.visionweb.com.ar\/index.php?rest_route=\/wp\/v2\/posts\/10678\/revisions\/10680"}],"wp:featuredmedia":[{"embeddable":true,"href":"https:\/\/www.visionweb.com.ar\/index.php?rest_route=\/wp\/v2\/media\/10679"}],"wp:attachment":[{"href":"https:\/\/www.visionweb.com.ar\/index.php?rest_route=%2Fwp%2Fv2%2Fmedia&parent=10678"}],"wp:term":[{"taxonomy":"category","embeddable":true,"href":"https:\/\/www.visionweb.com.ar\/index.php?rest_route=%2Fwp%2Fv2%2Fcategories&post=10678"},{"taxonomy":"post_tag","embeddable":true,"href":"https:\/\/www.visionweb.com.ar\/index.php?rest_route=%2Fwp%2Fv2%2Ftags&post=10678"}],"curies":[{"name":"wp","href":"https:\/\/api.w.org\/{rel}","templated":true}]}}