{"id":10674,"date":"2023-05-18T12:13:13","date_gmt":"2023-05-18T15:13:13","guid":{"rendered":"https:\/\/www.visionweb.com.ar\/?p=10674"},"modified":"2023-05-18T12:13:13","modified_gmt":"2023-05-18T15:13:13","slug":"acumar-entregan-herramientas-para-fomentar-la-agroecologia-en-la-cuenca-matanza-riachuelo","status":"publish","type":"post","link":"https:\/\/www.visionweb.com.ar\/?p=10674","title":{"rendered":"ACUMAR: Entregan herramientas para fomentar la agroecolog\u00eda en la Cuenca Matanza Riachuelo"},"content":{"rendered":"<p><strong><em>La semana pasada comenz\u00f3 la entrega de herramientas y equipamiento a distintos proyectos de agroecolog\u00eda que se desarrollan en la Cuenca como resultado del programa de formaci\u00f3n llevado adelante junto al INTA.<\/em><\/strong><!--more--><\/p>\n<p dir=\"auto\"><strong><img loading=\"lazy\" decoding=\"async\" class=\"size-medium wp-image-10675 alignright\" src=\"https:\/\/www.visionweb.com.ar\/wp-content\/uploads\/2023\/05\/HUERTAS-ECOLOGICAS-300x162.png\" alt=\"\" width=\"300\" height=\"162\" srcset=\"https:\/\/www.visionweb.com.ar\/wp-content\/uploads\/2023\/05\/HUERTAS-ECOLOGICAS-300x162.png 300w, https:\/\/www.visionweb.com.ar\/wp-content\/uploads\/2023\/05\/HUERTAS-ECOLOGICAS.png 640w\" sizes=\"auto, (max-width: 300px) 100vw, 300px\" \/>S<\/strong>e inici\u00f3 la entrega de herramientas, materiales e insumos a organizaciones e instituciones con las que se lleva adelante el Programa de Entrenamiento para el Trabajo en Promoci\u00f3n Agroecol\u00f3gica que <strong>ACUMAR<\/strong>\u00a0impulsa junto al\u00a0<a href=\"https:\/\/www.argentina.gob.ar\/trabajo\" target=\"_blank\" rel=\"noopener\">Ministerio de Trabajo, Empleo y Seguridad Social de la Naci\u00f3n<\/a>, la\u00a0<a href=\"https:\/\/unahur.edu.ar\/\" target=\"_blank\" rel=\"noopener\">Universidad Nacional de Hurlingham<\/a>\u00a0(UNAHUR) y el<a href=\"https:\/\/www.argentina.gob.ar\/inta\" target=\"_blank\" rel=\"noopener\">\u00a0Instituto Nacional de Tecnolog\u00eda Agropecuaria<\/a>\u00a0(INTA).<\/p>\n<p dir=\"auto\">La entrega se realiz\u00f3 la semana pasada\u00a0 en los municipios de General Las Heras y Merlo. En el primero se hizo entrega de material en la sede de la Secretar\u00eda de Desarrollo Social, en tanto que en Merlo se entregaron a las sedes de Parque San Mart\u00edn y Libertad.<\/p>\n<p dir=\"auto\">La iniciativa busca fortalecer la gesti\u00f3n de 14 huertas que forman parte de los entrenamientos mediante la entrega de herramientas, materiales para la construcci\u00f3n de cerco perimetral y sombraculo, sustratos, bandejas de germinaci\u00f3n, elementos de seguridad y sistemas de riego.<\/p>\n<p dir=\"auto\"><em><img loading=\"lazy\" decoding=\"async\" class=\"size-medium wp-image-10676 alignleft\" src=\"https:\/\/www.visionweb.com.ar\/wp-content\/uploads\/2023\/05\/HUERTAS-CHICOS-300x174.png\" alt=\"\" width=\"300\" height=\"174\" srcset=\"https:\/\/www.visionweb.com.ar\/wp-content\/uploads\/2023\/05\/HUERTAS-CHICOS-300x174.png 300w, https:\/\/www.visionweb.com.ar\/wp-content\/uploads\/2023\/05\/HUERTAS-CHICOS.png 640w\" sizes=\"auto, (max-width: 300px) 100vw, 300px\" \/>\u201cDesde el inicio de nuestra gesti\u00f3n decidimos promover la agroecolog\u00eda en la Cuenca y fortalecer los proyectos existentes. Sabemos que aporta much\u00edsimos beneficios para el ambiente, pero adem\u00e1s son acciones inclusivas laborales que permiten disminuir las desigualdades socioecon\u00f3micas y las brechas de conocimiento para que las y los j\u00f3venes sean protagonistas en la tarea de recomponer y mejorar su entorno\u201d, destac\u00f3 el presidente de <\/em><strong><em>ACUMAR<\/em><\/strong><em>, Mart\u00edn Sabbatella.<\/em><\/p>\n<p dir=\"auto\" style=\"text-align: left;\">Las entregas continuar\u00e1n esta semana y la pr\u00f3xima en las sedes de Marcos Paz y Avellaneda.<\/p>\n<p dir=\"auto\">La formaci\u00f3n en agroecolog\u00eda, que tambi\u00e9n se articula con los gobiernos locales y organizaciones sociales, prioriza a la poblaci\u00f3n juvenil. Sus objetivos son generar redes para el fomento de los sistemas de producci\u00f3n, distribuci\u00f3n, comercializaci\u00f3n y consumo de productos de base agroecol\u00f3gica en la Cuenca como modelo de producci\u00f3n agropecuaria sostenible que genere empleo verde y alimentos sanos y soberanos.<\/p>\n<p dir=\"auto\"><em>\u201cEs una gran alegr\u00eda poder acompa\u00f1ar a las, les y los j\u00f3venes por tercer a\u00f1o consecutivo en este proyecto de formaci\u00f3n, que implica, adem\u00e1s, reforzar un aspecto de la soberan\u00eda alimentaria que, aunque no siempre lo digamos, est\u00e1 muy vinculado a c\u00f3mo pensar una Cuenca a futuro. Esperamos que estas herramientas y equipos puedan ser utilizadas para lograr autonom\u00eda, el desarrollo y que por qu\u00e9 no, aporten a una efectiva fuente de trabajo para j\u00f3venes de la Cuenca\u201d, afirm\u00f3 la directora de Fortalecimiento Comunitario y Promoci\u00f3n del Desarrollo de <\/em><strong><em>ACUMAR<\/em><\/strong><em>, Mar\u00eda Jos\u00e9 Parra.<\/em><\/p>\n<p dir=\"auto\">El programa comenz\u00f3 en 2021 y en la primera edici\u00f3n 220 j\u00f3venes finalizaron la formaci\u00f3n, que se realiz\u00f3 en 25 sedes a lo largo de 10 municipios. Ya en la segunda, 480 personas participaron, esta vez en 30 sedes de todas las jurisdicciones de la Cuenca.<strong>(VW)<\/strong><\/p>\n","protected":false},"excerpt":{"rendered":"<p>La semana pasada comenz\u00f3 la entrega de herramientas y equipamiento a distintos proyectos de agroecolog\u00eda que se desarrollan en la Cuenca como resultado del programa de formaci\u00f3n llevado adelante junto al INTA.<\/p>\n","protected":false},"author":3,"featured_media":10676,"comment_status":"closed","ping_status":"closed","sticky":false,"template":"","format":"standard","meta":{"_monsterinsights_skip_tracking":false,"_monsterinsights_sitenote_active":false,"_monsterinsights_sitenote_note":"","_monsterinsights_sitenote_category":0,"footnotes":""},"categories":[5],"tags":[442,191,4442,271],"class_list":["post-10674","post","type-post","status-publish","format-standard","has-post-thumbnail","hentry","category-sociedad","tag-acumar","tag-cuenca","tag-huertas","tag-programa"],"_links":{"self":[{"href":"https:\/\/www.visionweb.com.ar\/index.php?rest_route=\/wp\/v2\/posts\/10674","targetHints":{"allow":["GET"]}}],"collection":[{"href":"https:\/\/www.visionweb.com.ar\/index.php?rest_route=\/wp\/v2\/posts"}],"about":[{"href":"https:\/\/www.visionweb.com.ar\/index.php?rest_route=\/wp\/v2\/types\/post"}],"author":[{"embeddable":true,"href":"https:\/\/www.visionweb.com.ar\/index.php?rest_route=\/wp\/v2\/users\/3"}],"replies":[{"embeddable":true,"href":"https:\/\/www.visionweb.com.ar\/index.php?rest_route=%2Fwp%2Fv2%2Fcomments&post=10674"}],"version-history":[{"count":1,"href":"https:\/\/www.visionweb.com.ar\/index.php?rest_route=\/wp\/v2\/posts\/10674\/revisions"}],"predecessor-version":[{"id":10677,"href":"https:\/\/www.visionweb.com.ar\/index.php?rest_route=\/wp\/v2\/posts\/10674\/revisions\/10677"}],"wp:featuredmedia":[{"embeddable":true,"href":"https:\/\/www.visionweb.com.ar\/index.php?rest_route=\/wp\/v2\/media\/10676"}],"wp:attachment":[{"href":"https:\/\/www.visionweb.com.ar\/index.php?rest_route=%2Fwp%2Fv2%2Fmedia&parent=10674"}],"wp:term":[{"taxonomy":"category","embeddable":true,"href":"https:\/\/www.visionweb.com.ar\/index.php?rest_route=%2Fwp%2Fv2%2Fcategories&post=10674"},{"taxonomy":"post_tag","embeddable":true,"href":"https:\/\/www.visionweb.com.ar\/index.php?rest_route=%2Fwp%2Fv2%2Ftags&post=10674"}],"curies":[{"name":"wp","href":"https:\/\/api.w.org\/{rel}","templated":true}]}}