{"id":10671,"date":"2023-05-18T11:47:29","date_gmt":"2023-05-18T14:47:29","guid":{"rendered":"https:\/\/www.visionweb.com.ar\/?p=10671"},"modified":"2023-05-18T11:53:21","modified_gmt":"2023-05-18T14:53:21","slug":"elecciones-2023-la-web-para-debatir-entre-personas-que-piensan-diferente","status":"publish","type":"post","link":"https:\/\/www.visionweb.com.ar\/?p=10671","title":{"rendered":"Elecciones 2023: La web para debatir entre personas que piensan diferente"},"content":{"rendered":"<p><em><strong>Se trata de \u201cMi pa\u00eds conversa\u201d, una iniciativa que promueve el di\u00e1logo entre ciudadanos sobre temas como pol\u00edtica, econom\u00eda y asuntos sociales para fortalecer la cultura democr\u00e1tica.\u00a0<\/strong><\/em><!--more--><\/p>\n<p><strong><img loading=\"lazy\" decoding=\"async\" class=\"size-medium wp-image-10672 alignright\" src=\"https:\/\/www.visionweb.com.ar\/wp-content\/uploads\/2023\/05\/PLATAFORMA-300x200.png\" alt=\"\" width=\"300\" height=\"200\" srcset=\"https:\/\/www.visionweb.com.ar\/wp-content\/uploads\/2023\/05\/PLATAFORMA-300x200.png 300w, https:\/\/www.visionweb.com.ar\/wp-content\/uploads\/2023\/05\/PLATAFORMA.png 640w\" sizes=\"auto, (max-width: 300px) 100vw, 300px\" \/>U<\/strong>na plataforma digital busca \u201ccombatir la resignaci\u00f3n ciudadana y la polarizaci\u00f3n\u201d mediante el di\u00e1logo entre personas que piensen diferente de cara a las elecciones presidenciales de este a\u00f1o.<\/p>\n<p>Se trata de la plataforma <a href=\"https:\/\/mipaisconversa.org\/\">Mi pa\u00eds conversa<\/a>, una versi\u00f3n nacional de\u00a0<a href=\"https:\/\/www.mycountrytalks.org\/\">My Country Talks<\/a>\u00a0que se realiza por primera vez en espa\u00f1ol y en Am\u00e9rica Latina.<\/p>\n<p>Esta iniciativa es \u201cuna herramienta global de cultura democr\u00e1tica\u201d llevada a cabo en m\u00e1s de 30 pa\u00edses, indic\u00f3 en un comunicado la\u00a0<a href=\"https:\/\/www.fundacionbyb.org\/\">Fundaci\u00f3n Bunge &amp; Born<\/a>, quien lleva adelante el proyecto en nuestro pa\u00eds, en colaboraci\u00f3n con la Universidad Tres de Febrero (UNTREF), la Universidad Torcuato Di Tella, la organizaci\u00f3n sin fines de lucro estadounidense Ashoka, el portal web Cenital y la Red Argentina para la Cooperaci\u00f3n Internacional (RACI).<\/p>\n<p>La herramienta, consign\u00f3 la agencia<strong> Auno,<\/strong> funciona a trav\u00e9s de una plataforma web en la que los usuarios responden por \u201csi\u201d o por \u201cno\u201d a cinco preguntas relacionadas con pol\u00edtica, econom\u00eda y sociedad, y luego el <em>match<\/em>\u00a0lo identifica un algoritmo que \u201clos pone en contacto para que coordinen una conversaci\u00f3n, de manera presencial o virtual\u201d, se inform\u00f3.<\/p>\n<p>Adem\u00e1s, expresaron que \u201cconversar es un ejercicio que fortalece la cultura democr\u00e1tica\u201d y que esto incentiva h\u00e1bitos \u201cque hacen a un mejor funcionamiento de las instituciones pol\u00edticas\u201d.<\/p>\n<p class=\"wp-block-heading\"><strong>Consenso ante la grieta<\/strong><\/p>\n<p>El precandidato a intendente por el Vecinalismo en Esteban Echeverr\u00eda,\u00a0<a href=\"https:\/\/www.instagram.com\/emilianoavilas\/?hl=es\" target=\"_blank\" rel=\"noreferrer noopener\" data-type=\"URL\" data-id=\"https:\/\/www.instagram.com\/emilianoavilas\/?hl=es\">Emiliano \u00c1vilas<\/a>, expres\u00f3 que este tipo de iniciativas \u201cson vitales para nuestra democracia\u201d aunque asegur\u00f3 que \u201cla falta de consensos y la polarizaci\u00f3n actual que existe en nuestro pa\u00eds no van a terminar de un d\u00eda para el otro\u201d.<\/p>\n<p>En este sentido, asegur\u00f3 que\u00a0<strong>\u201cla grieta est\u00e1 instalada culturalmente\u201d\u00a0<\/strong>y apel\u00f3 a que el abanico de posibilidades para los vecinos y vecinas es un camino que brinda \u201copciones para la ampliaci\u00f3n del ejercicio democr\u00e1tico\u201d.<\/p>\n<p>Por su parte, la concejala por el bloque del Frente de Todos en Almirante Brown,\u00a0<a href=\"https:\/\/www.instagram.com\/andrealbonetto\/\" target=\"_blank\" rel=\"noreferrer noopener\" data-type=\"URL\" data-id=\"https:\/\/www.instagram.com\/andrealbonetto\/\">Andrea Bonetto<\/a>, consider\u00f3 que\u00a0<strong>la \u201cgrieta\u201d en nuestro pa\u00eds \u201cen gran parte, es por la monopolizaci\u00f3n de los medios nacionales que forman opini\u00f3n\u201d<\/strong>\u00a0y afirm\u00f3 que \u201cla gente de a pie vive de otra forma\u201d. En esta l\u00ednea, expres\u00f3 que \u201csiempre fueron los gobiernos populares los que garantizaron el debate pol\u00edtico\u201d.<\/p>\n<p>En tanto, el presidente del bloque de Juntos en Lomas de Zamora,\u00a0<a href=\"https:\/\/www.instagram.com\/dr.jorgevillalba\/\" target=\"_blank\" rel=\"noreferrer noopener\" data-type=\"URL\" data-id=\"https:\/\/www.instagram.com\/dr.jorgevillalba\/\">Jorge Villalba<\/a>, asegur\u00f3 que la participaci\u00f3n ciudadana en la Argentina \u201cen general es pobre\u201d, pero\u00a0<strong>destac\u00f3 que \u201ces muy importante el hecho de charlar con otras personas para tratar de acordar puntos comunes\u201d.<\/strong><\/p>\n<p>Sobre el desarrollo pol\u00edtico-social de los pr\u00f3ximos a\u00f1os en nuestro pa\u00eds, Villalba advirti\u00f3 que \u201chay mucha confrontaci\u00f3n, porque no hay mucho inter\u00e9s en generar acuerdos comunes que le sirvan a la gente\u201d.<\/p>\n<p>Villalba advirti\u00f3 adem\u00e1s que le preocupan las \u201cterceras v\u00edas violentas que crecen y crecen, ante la falta de respuesta de los dos principales frentes electorales\u201d y <strong>sostuvo que la soluci\u00f3n est\u00e1 en \u201cla formaci\u00f3n de consensos b\u00e1sicos\u201d y que \u201cla participaci\u00f3n ciudadana\u201d sea una pol\u00edtica de Estado<\/strong>, en relaci\u00f3n a las dificultades para armar nuevos frentes pol\u00edticos.<\/p>\n<p>Bonetto asegur\u00f3 que \u201ccualquier tipo de herramientas tecnol\u00f3gicas que sumen a un debate pol\u00edtico-social y a la participaci\u00f3n y el conocimiento, es siempre v\u00e1lido\u201d.<\/p>\n<p>No obstante,\u00a0<strong>alert\u00f3 que \u201chay un alcance limitado de esas aplicaciones, porque no todo el pueblo tiene acceso a nuevas tecnolog\u00edas\u201d<\/strong>\u00a0y destac\u00f3 que la \u201cpolarizaci\u00f3n\u201d en nuestro pa\u00eds \u201cva m\u00e1s all\u00e1 de este tipo de herramientas\u201d.<\/p>\n<p>Acerca del desarrollo de tecnolog\u00edas que aporten a la \u201ccultura democr\u00e1tica\u201d, el concejal lomense desarroll\u00f3 que le \u201cparece bien\u201d pero que \u201cla participaci\u00f3n se dificulta si no se tiene una mentalidad abierta para poder arribar a una conclusi\u00f3n que sea beneficiosa\u201d<strong>(VW)<\/strong>.<\/p>\n","protected":false},"excerpt":{"rendered":"<p>Se trata de \u201cMi pa\u00eds conversa\u201d, una iniciativa que promueve el di\u00e1logo entre ciudadanos sobre temas como pol\u00edtica, econom\u00eda y asuntos sociales para fortalecer la cultura democr\u00e1tica.\u00a0<\/p>\n","protected":false},"author":3,"featured_media":10672,"comment_status":"closed","ping_status":"closed","sticky":false,"template":"","format":"standard","meta":{"_monsterinsights_skip_tracking":false,"_monsterinsights_sitenote_active":false,"_monsterinsights_sitenote_note":"","_monsterinsights_sitenote_category":0,"footnotes":""},"categories":[4],"tags":[4439,4441,2078,4440],"class_list":["post-10671","post","type-post","status-publish","format-standard","has-post-thumbnail","hentry","category-politica","tag-grieta","tag-herramienta","tag-plataforma","tag-publicacion"],"_links":{"self":[{"href":"https:\/\/www.visionweb.com.ar\/index.php?rest_route=\/wp\/v2\/posts\/10671","targetHints":{"allow":["GET"]}}],"collection":[{"href":"https:\/\/www.visionweb.com.ar\/index.php?rest_route=\/wp\/v2\/posts"}],"about":[{"href":"https:\/\/www.visionweb.com.ar\/index.php?rest_route=\/wp\/v2\/types\/post"}],"author":[{"embeddable":true,"href":"https:\/\/www.visionweb.com.ar\/index.php?rest_route=\/wp\/v2\/users\/3"}],"replies":[{"embeddable":true,"href":"https:\/\/www.visionweb.com.ar\/index.php?rest_route=%2Fwp%2Fv2%2Fcomments&post=10671"}],"version-history":[{"count":1,"href":"https:\/\/www.visionweb.com.ar\/index.php?rest_route=\/wp\/v2\/posts\/10671\/revisions"}],"predecessor-version":[{"id":10673,"href":"https:\/\/www.visionweb.com.ar\/index.php?rest_route=\/wp\/v2\/posts\/10671\/revisions\/10673"}],"wp:featuredmedia":[{"embeddable":true,"href":"https:\/\/www.visionweb.com.ar\/index.php?rest_route=\/wp\/v2\/media\/10672"}],"wp:attachment":[{"href":"https:\/\/www.visionweb.com.ar\/index.php?rest_route=%2Fwp%2Fv2%2Fmedia&parent=10671"}],"wp:term":[{"taxonomy":"category","embeddable":true,"href":"https:\/\/www.visionweb.com.ar\/index.php?rest_route=%2Fwp%2Fv2%2Fcategories&post=10671"},{"taxonomy":"post_tag","embeddable":true,"href":"https:\/\/www.visionweb.com.ar\/index.php?rest_route=%2Fwp%2Fv2%2Ftags&post=10671"}],"curies":[{"name":"wp","href":"https:\/\/api.w.org\/{rel}","templated":true}]}}