{"id":10668,"date":"2023-05-18T07:05:24","date_gmt":"2023-05-18T10:05:24","guid":{"rendered":"https:\/\/www.visionweb.com.ar\/?p=10668"},"modified":"2023-05-17T17:37:04","modified_gmt":"2023-05-17T20:37:04","slug":"se-inauguro-el-nuevo-edificio-del-centro-de-formacion-profesional-n404-de-avellaneda","status":"publish","type":"post","link":"https:\/\/www.visionweb.com.ar\/?p=10668","title":{"rendered":"Se inaugur\u00f3 el nuevo edificio del Centro de Formaci\u00f3n Profesional N\u00b0404 de Avellaneda"},"content":{"rendered":"<p><em><strong>El CFP N\u00b0404 funcionaba en un espacio alquilado por la Direcci\u00f3n General de Cultura y Educaci\u00f3n. La construcci\u00f3n del establecimiento educativo implic\u00f3 una inversi\u00f3n de $254,6 millones. Ahora posee su sede propia.<\/strong><\/em><!--more--><\/p>\n<div id=\"attachment_10669\" style=\"width: 310px\" class=\"wp-caption alignright\"><img loading=\"lazy\" decoding=\"async\" aria-describedby=\"caption-attachment-10669\" class=\"wp-image-10669 size-medium\" src=\"https:\/\/www.visionweb.com.ar\/wp-content\/uploads\/2023\/05\/CENTRO-DE-FORMACION-PROFESIONAL-300x175.png\" alt=\"\" width=\"300\" height=\"175\" srcset=\"https:\/\/www.visionweb.com.ar\/wp-content\/uploads\/2023\/05\/CENTRO-DE-FORMACION-PROFESIONAL-300x175.png 300w, https:\/\/www.visionweb.com.ar\/wp-content\/uploads\/2023\/05\/CENTRO-DE-FORMACION-PROFESIONAL.png 640w\" sizes=\"auto, (max-width: 300px) 100vw, 300px\" \/><p id=\"caption-attachment-10669\" class=\"wp-caption-text\"><em><strong>El gobernador Kicillof y la vice gobernadora, Ver\u00f3nica inauguran el Centro de formaci\u00f3n profesional (Foto: Prensa PBA) <\/strong><\/em><\/p><\/div>\n<p><strong>C<\/strong>on la participaci\u00f3n de funcionarios nacionales, provinciales y municipales se inaugur\u00f3, este martes,\u00a0 el edificio del Centro de Formaci\u00f3n Profesional (CFP) N\u00b0404 de Avellaneda.<\/p>\n<p>Ademas se puso en funcionamiento un Centro Educativo de Nivel Secundario (CENS) y el Refugio del Arte Municipal.<\/p>\n<p>El acto de inauguraci\u00f3n fue encabezado por gobernador de la provincia de Buenos Aires, Axel Kicillof, junto a la vice gobernadora Ver\u00f3nica Magarios; el ministro de Desarrollo Territorial y H\u00e1bitat de la Naci\u00f3n, Santiago Maggiotti; el director general de Cultura y Educaci\u00f3n, Alberto Sileoni; el intendente Jorge Ferraresi; y la jefa de Gabinete local, Magdalena Sierra.<\/p>\n<p>En ese marco, Kicillof se\u00f1al\u00f3 que \u201cAvellaneda es un ejemplo de lo que implica invertir en educaci\u00f3n aun cuando en la provincia de Buenos Aires hab\u00eda un Gobierno que se dedicaba a cerrar escuelas\u201d.<\/p>\n<p>\u201cHoy la situaci\u00f3n es muy distinta: aqu\u00ed estamos la Naci\u00f3n, la Provincia y el Municipio inaugurando un nuevo edificio escolar y poniendo en marcha una instituci\u00f3n para seguir acercando oportunidades a todos y todas\u201d, agreg\u00f3.<\/p>\n<p>En ese sentido, el mandatario provincial destac\u00f3 que\u00a0 \u00abeste es un acto de celebraci\u00f3n que debe servirnos tambi\u00e9n para dejar en claro cu\u00e1l es el contraste: est\u00e1n quienes impulsan el ajuste, el endeudamiento y la quita de derechos, y estamos los que vamos a seguir inaugurando escuelas e invirtiendo por una educaci\u00f3n p\u00fablica de calidad\u201d, expres\u00f3 el Gobernador.<\/p>\n<p>El CFP N\u00b0404 funcionaba anteriormente en un espacio alquilado por la Direcci\u00f3n General de Cultura y Educaci\u00f3n y, a partir de una inversi\u00f3n de $254,6 millones, ahora posee su sede propia para la formaci\u00f3n de 1.500 estudiantes. El nuevo edificio est\u00e1 ubicado en el predio de la ex Papelera del Plata y cuenta con 14 aulas, dos talleres de cocina, buffet, auditorio, SUM, oficinas y patio.<\/p>\n<p>En tanto, Sileoni resalt\u00f3: \u201cAqu\u00ed no estamos frente a palabras, sino ante hechos concretos que les mejoran la vida y les dan nuevas oportunidades a los hombres y mujeres de Avellaneda\u201d. \u201cEs el resultado de un Estado presente que invierte y apuesta por los derechos de los y las bonaerenses\u201d, dijo.<\/p>\n<p>En el CFP se dictan cursos en especialidades como construcci\u00f3n, textil e indumentaria, energ\u00eda el\u00e9ctrica, gastronom\u00eda, industria gr\u00e1fica, inform\u00e1tica, salud, industria alimentaria, administraci\u00f3n y comercializaci\u00f3n, comunicaci\u00f3n social, idiomas y est\u00e9tica profesional. \u00abEsto es lo que pasa cuando hay un Estado presente que planifica: en este lugar que hab\u00eda cerrado, hoy hay un mont\u00f3n de ciudadanos que pueden venir a formarse y a capacitarse para conseguir un trabajo y mejores oportunidades\u00bb, sostuvo Maggiotti.<\/p>\n<p>Asimismo, en el nuevo edificio funcionar\u00e1 el CENS N\u00b0458, una instituci\u00f3n creada a trav\u00e9s de la articulaci\u00f3n entre el Municipio y la Provincia. Para ello se dispusieron 2.289 metros cuadrados con talleres de cocina, construcci\u00f3n, salud, tecnolog\u00eda, talleres semipesados y espec\u00edficos con sus diferentes sectores de apoyo (h\u00famedo\/seco) seg\u00fan su uso, y \u00e1reas de dep\u00f3sito y guardado. Por su parte, el Refugio del Arte Municipal es un \u00e1mbito de producci\u00f3n y difusi\u00f3n, intervenido por diferentes artistas que dictar\u00e1n talleres vinculados a los oficios de la construcci\u00f3n.<\/p>\n<p>Al respecto, el intendente Ferraresi remarc\u00f3 que \u201cdespu\u00e9s de un periodo de cuatro a\u00f1os en los que debimos sostener las escuelas desde el municipio porque la Provincia las hab\u00eda abandonado, hoy contamos nuevamente con el acompa\u00f1amiento de un Gobernador que est\u00e1 transformando la educaci\u00f3n p\u00fablica\u201d. \u201cEste edificio potencia las capacidades educativas y suma tambi\u00e9n un lugar para apuntalar el trabajo de las y los artistas\u201d, indic\u00f3.<\/p>\n<p>Participaron tambi\u00e9n del acto el subsecretario de Infraestructura Escolar, Ariel Lambezat; la directora de Educaci\u00f3n de J\u00f3venes, Adultos y Adultos Mayores, Silvia Vilta; la presidenta del Consejo Escolar local, Claudia Colazo; el concejal y secretario general del Sindicato Unificado de Trabajadores de Avellaneda, Daniel Aversa; y el artista pl\u00e1stico Juan Danna<strong> (VW)<\/strong>.<\/p>\n","protected":false},"excerpt":{"rendered":"<p>El CFP N\u00b0404 funcionaba en un espacio alquilado por la Direcci\u00f3n General de Cultura y Educaci\u00f3n. La construcci\u00f3n del establecimiento educativo implic\u00f3 una inversi\u00f3n de $254,6 millones. Ahora posee su sede propia.<\/p>\n","protected":false},"author":3,"featured_media":10669,"comment_status":"closed","ping_status":"closed","sticky":false,"template":"","format":"standard","meta":{"_monsterinsights_skip_tracking":false,"_monsterinsights_sitenote_active":false,"_monsterinsights_sitenote_note":"","_monsterinsights_sitenote_category":0,"footnotes":""},"categories":[7],"tags":[4437,3534,4436,4438],"class_list":["post-10668","post","type-post","status-publish","format-standard","has-post-thumbnail","hentry","category-educacion-y-cultura","tag-centro","tag-formacion","tag-profesional","tag-refugio"],"_links":{"self":[{"href":"https:\/\/www.visionweb.com.ar\/index.php?rest_route=\/wp\/v2\/posts\/10668","targetHints":{"allow":["GET"]}}],"collection":[{"href":"https:\/\/www.visionweb.com.ar\/index.php?rest_route=\/wp\/v2\/posts"}],"about":[{"href":"https:\/\/www.visionweb.com.ar\/index.php?rest_route=\/wp\/v2\/types\/post"}],"author":[{"embeddable":true,"href":"https:\/\/www.visionweb.com.ar\/index.php?rest_route=\/wp\/v2\/users\/3"}],"replies":[{"embeddable":true,"href":"https:\/\/www.visionweb.com.ar\/index.php?rest_route=%2Fwp%2Fv2%2Fcomments&post=10668"}],"version-history":[{"count":1,"href":"https:\/\/www.visionweb.com.ar\/index.php?rest_route=\/wp\/v2\/posts\/10668\/revisions"}],"predecessor-version":[{"id":10670,"href":"https:\/\/www.visionweb.com.ar\/index.php?rest_route=\/wp\/v2\/posts\/10668\/revisions\/10670"}],"wp:featuredmedia":[{"embeddable":true,"href":"https:\/\/www.visionweb.com.ar\/index.php?rest_route=\/wp\/v2\/media\/10669"}],"wp:attachment":[{"href":"https:\/\/www.visionweb.com.ar\/index.php?rest_route=%2Fwp%2Fv2%2Fmedia&parent=10668"}],"wp:term":[{"taxonomy":"category","embeddable":true,"href":"https:\/\/www.visionweb.com.ar\/index.php?rest_route=%2Fwp%2Fv2%2Fcategories&post=10668"},{"taxonomy":"post_tag","embeddable":true,"href":"https:\/\/www.visionweb.com.ar\/index.php?rest_route=%2Fwp%2Fv2%2Ftags&post=10668"}],"curies":[{"name":"wp","href":"https:\/\/api.w.org\/{rel}","templated":true}]}}