{"id":10665,"date":"2023-05-17T17:04:13","date_gmt":"2023-05-17T20:04:13","guid":{"rendered":"https:\/\/www.visionweb.com.ar\/?p=10665"},"modified":"2023-05-17T17:04:13","modified_gmt":"2023-05-17T20:04:13","slug":"quilmes-celebro-la-fiesta-de-las-colectividades","status":"publish","type":"post","link":"https:\/\/www.visionweb.com.ar\/?p=10665","title":{"rendered":"Quilmes celebr\u00f3 la Fiesta de las Colectividades"},"content":{"rendered":"<p><em><strong> La Intendenta tambi\u00e9n visit\u00f3 la pe\u00f1a folcl\u00f3rica de la Sociedad de Fomento Don Bosco. Tambi\u00e9n inaugur\u00f3. un nuevo espacio de juegos distribuidos en 256 m2, con piso antigolpes.<\/strong><\/em><!--more--><\/p>\n<p><strong>U<\/strong>nos 100 mil vecinos participaron de esta nueva edici\u00f3n del tradicional encuentro anual,\u00a0 gastron\u00f3mico y cultural que se realiz\u00f3 entre el viernes y el domingo \u00faltimos en el barrio de La Colonias , Quilmes Oeste.<\/p>\n<p>La intendenta de Quilmes, Mayra Mendoza, aprovech\u00f3 la realizaci\u00f3n de los festejos para ponerse en contacto con los vecinos y los numerosos artistas que participaron de diferentes presentaciones culturales.<\/p>\n<div>Del encuentro cultural 120 stands con comidas t\u00edpicas y artesan\u00edas de los pa\u00edses del mundo; as\u00ed como shows de danzas y musicales representativos de las diversas culturas e identidades. Y el s\u00e1bado por la noche, una multitud disfrut\u00f3 del show de la reconocida banda de indie rock Bandalos Chinos<\/div>\n<div>Mendoza estuvo acompa\u00f1ada por funcionarios municipales, concejales, representantes y autoridades de las distintas colectividades del distrito.<\/div>\n<div><\/div>\n<div>\n<div>\u201cSomos un Municipio plurinacional que hace un ejercicio de la multiculturalidad porque realmente conocemos y seguimos conociendo cada una de las culturas, de las idiosincrasias que conviven en nuestra comunidad y es realmente hermoso\u201d, se\u00f1al\u00f3 la jefa comunal.<\/div>\n<div><\/div>\n<\/div>\n<div>La Jefa comunal recorri\u00f3 el s\u00e1bado y el domingo el escenario m\u00f3vil y la carpa cultural, los stands gastron\u00f3micos y el escenario principal, donde en la jornada final, comparti\u00f3 un momento con los abanderados y las abanderadas de 40 colectividades.<\/div>\n<div><\/div>\n<div>Adem\u00e1s, el domingo recibi\u00f3 la visita del ministro de Cultura de la Naci\u00f3n, Trist\u00e1n Bauer, quien present\u00f3 en\u00a0 present\u00f3 el programa \u00abColectividades Argentinas\u00bb que promueve, apoya y visibiliza las diversas acciones o eventos ligados a las colectividades inmigrantes en todo el territorio argentino.<\/div>\n<div><\/div>\n<div>La titular del ejecutivo quilme\u00f1o aprovech\u00f3 la ocasi\u00f3n para inaugurar un nuevo espacio de juegos distribuidos en 256 m2, con piso antigolpes que la Comuna junto a la Fundaci\u00f3n del Banco Provincia instal\u00f3 en la plaza De las Colectividades \u2013 Arist\u00f3bulo del Valle.<\/div>\n<div><\/div>\n<div>En una jornada cargada de actividades, la Intendenta tambi\u00e9n visit\u00f3 la pe\u00f1a folcl\u00f3rica de la Sociedad de Fomento Don Bosco, ubicada en Ciudadela 2158 y, asisti\u00f3 al encuentro que disput\u00f3 el equipo femenino de f\u00fatbol del Quilmes AC frente a su par de Almirante Brown, en el Estadio Centenario.<\/div>\n<div>\n<div><\/div>\n<div>Durante las tres jornadas se brindaron charlas, talleres, clases de idiomas y cocina, entre muchas otras actividades. Participaron las \u00e1reas de Culturas, Juventudes, Mujeres y Diversidades, Salud, Ambiente y Turismo, entre otras.<\/div>\n<div><\/div>\n<div>La fiesta, fue organizada por la Direcci\u00f3n General de Relaciones Institucionales de la Secretar\u00eda de Comunicaci\u00f3n y Relaciones Institucionales del Municipio de Quilmes, junto con el Consejo de Colectividades.<\/div>\n<div><\/div>\n<div>El encuentro tuvo tambi\u00e9n el apoyo del Ministerio de Cultura de la Naci\u00f3n y el Instituto Cultural de la Provincia de Buenos Aires. <strong>(VW)<\/strong><\/div>\n<\/div>\n<div><\/div>\n<div><\/div>\n<p>&nbsp;<\/p>\n","protected":false},"excerpt":{"rendered":"<p>La Intendenta tambi\u00e9n visit\u00f3 la pe\u00f1a folcl\u00f3rica de la Sociedad de Fomento Don Bosco. Tambi\u00e9n inaugur\u00f3. un nuevo espacio de juegos distribuidos en 256 m2, con piso antigolpes.<\/p>\n","protected":false},"author":3,"featured_media":10666,"comment_status":"closed","ping_status":"closed","sticky":false,"template":"","format":"standard","meta":{"_monsterinsights_skip_tracking":false,"_monsterinsights_sitenote_active":false,"_monsterinsights_sitenote_note":"","_monsterinsights_sitenote_category":0,"footnotes":""},"categories":[7],"tags":[4435,1535,859],"class_list":["post-10665","post","type-post","status-publish","format-standard","has-post-thumbnail","hentry","category-educacion-y-cultura","tag-colectividades","tag-fiesta","tag-quilmes"],"_links":{"self":[{"href":"https:\/\/www.visionweb.com.ar\/index.php?rest_route=\/wp\/v2\/posts\/10665","targetHints":{"allow":["GET"]}}],"collection":[{"href":"https:\/\/www.visionweb.com.ar\/index.php?rest_route=\/wp\/v2\/posts"}],"about":[{"href":"https:\/\/www.visionweb.com.ar\/index.php?rest_route=\/wp\/v2\/types\/post"}],"author":[{"embeddable":true,"href":"https:\/\/www.visionweb.com.ar\/index.php?rest_route=\/wp\/v2\/users\/3"}],"replies":[{"embeddable":true,"href":"https:\/\/www.visionweb.com.ar\/index.php?rest_route=%2Fwp%2Fv2%2Fcomments&post=10665"}],"version-history":[{"count":1,"href":"https:\/\/www.visionweb.com.ar\/index.php?rest_route=\/wp\/v2\/posts\/10665\/revisions"}],"predecessor-version":[{"id":10667,"href":"https:\/\/www.visionweb.com.ar\/index.php?rest_route=\/wp\/v2\/posts\/10665\/revisions\/10667"}],"wp:featuredmedia":[{"embeddable":true,"href":"https:\/\/www.visionweb.com.ar\/index.php?rest_route=\/wp\/v2\/media\/10666"}],"wp:attachment":[{"href":"https:\/\/www.visionweb.com.ar\/index.php?rest_route=%2Fwp%2Fv2%2Fmedia&parent=10665"}],"wp:term":[{"taxonomy":"category","embeddable":true,"href":"https:\/\/www.visionweb.com.ar\/index.php?rest_route=%2Fwp%2Fv2%2Fcategories&post=10665"},{"taxonomy":"post_tag","embeddable":true,"href":"https:\/\/www.visionweb.com.ar\/index.php?rest_route=%2Fwp%2Fv2%2Ftags&post=10665"}],"curies":[{"name":"wp","href":"https:\/\/api.w.org\/{rel}","templated":true}]}}