{"id":10657,"date":"2023-05-17T14:54:07","date_gmt":"2023-05-17T17:54:07","guid":{"rendered":"https:\/\/www.visionweb.com.ar\/?p=10657"},"modified":"2023-05-17T14:54:07","modified_gmt":"2023-05-17T17:54:07","slug":"ypf-otro-aumento-de-naftas-conforme-al-acuerdo-con-el-gobierno","status":"publish","type":"post","link":"https:\/\/www.visionweb.com.ar\/?p=10657","title":{"rendered":"YPF: Otro aumento de naftas conforme al acuerdo con el gobierno"},"content":{"rendered":"<p><em><strong>Hoy el combustible aument\u00f3 un 4%, noticia que como es usual, se conoce el mismo d\u00eda. Las otras compa\u00f1\u00edas tambi\u00e9n se suman.<\/strong><\/em><!--more--><\/p>\n<p><strong><img loading=\"lazy\" decoding=\"async\" class=\"size-medium wp-image-9397 alignright\" src=\"https:\/\/www.visionweb.com.ar\/wp-content\/uploads\/2023\/02\/MASSA-300x169.png\" alt=\"\" width=\"300\" height=\"169\" srcset=\"https:\/\/www.visionweb.com.ar\/wp-content\/uploads\/2023\/02\/MASSA-300x169.png 300w, https:\/\/www.visionweb.com.ar\/wp-content\/uploads\/2023\/02\/MASSA-768x432.png 768w, https:\/\/www.visionweb.com.ar\/wp-content\/uploads\/2023\/02\/MASSA.png 800w\" sizes=\"auto, (max-width: 300px) 100vw, 300px\" \/>\u00a0\u00a0 L<\/strong>a empresa<strong> YPF aument\u00f3 hoy el precio de sus combustibles un 4%<\/strong>, en promedio, en todo el pa\u00eds para los distintos tipos de nafta y de gasoil, seg\u00fan lo acordado con el Gobierno y el resto de las petroleras, en el marco del programa Precios Justos.<\/p>\n<p>La compa\u00f1\u00eda en un comunicado, mediante un comunicado, indic\u00f3: \u201cYPF comunica que, a partir de las 8 del mi\u00e9rcoles 17 de mayo aumentar\u00e1 el precio de sus combustibles un 4% promedio pa\u00eds por tipo y grado de combustible\u201d.<\/p>\n<p>Cabe recordar que el Gobierno renov\u00f3 a mediados de abril el acuerdo de precios con el sector de los combustibles durante un lapso de cuatro meses para estabilizar los precios, con incrementos del 4% mensual, en un convenio que rige desde el 15 de abril hasta el 15 de agosto.<\/p>\n<p>Esto se enmarca dentro del programa Precios Justos con el sector petrolero, para estabilizar los precios de los combustibles, aunque los aumentos se conocen reci\u00e9n el d\u00eda que se producen.<\/p>\n<p>El acuerdo presentado por la secretaria de Energ\u00eda, Flavia Royon, y el secretario de Comercio, Mat\u00edas Tombolini, establece \u201cuna pauta de incremento del 4% mensual en los precios de la nafta y el gasoil desde el 15 de abril hasta el 15 de agosto, y con esta medida se busca proteger a los consumidores y fomentar la estabilidad en el mercado\u201d.<\/p>\n<p>El convenio fue rubricado por las empresas YPF, PAE (Axion), Ra\u00edzen (Shell) y Trafigura (Puma).<\/p>\n<p>\u201cEntendemos que esto requiere esfuerzo de las empresas, el Estado ya est\u00e1 haciendo un esfuerzo de manera de contener los precios y anclar la expectativa inflacionaria <strong>para que esto no tenga un efecto en los precios y en el bolsillo de la gente\u201d<\/strong>, sostuvo Royon.<\/p>\n<p>En tanto, Tombolini expres\u00f3 que \u201cla firma de este acuerdo nos permite dar una se\u00f1al de previsibilidad a consumidores, usuarios y empresas y, adem\u00e1s, acompa\u00f1a la hoja de ruta establecida por el ministro Sergio Massa que nos impulsa a sostener el equilibrio fiscal y cuidar las reservas\u201d. <strong>(VW)<\/strong><\/p>\n<p>&nbsp;<\/p>\n","protected":false},"excerpt":{"rendered":"<p>Hoy el combustible aument\u00f3 un 4%, noticia que como es usual, se conoce el mismo d\u00eda. Las otras compa\u00f1\u00edas tambi\u00e9n se suman.<\/p>\n","protected":false},"author":4,"featured_media":9397,"comment_status":"closed","ping_status":"closed","sticky":false,"template":"","format":"standard","meta":{"_monsterinsights_skip_tracking":false,"_monsterinsights_sitenote_active":false,"_monsterinsights_sitenote_note":"","_monsterinsights_sitenote_category":0,"footnotes":""},"categories":[6],"tags":[380,4429,869,3203,2752,4430,293],"class_list":["post-10657","post","type-post","status-publish","format-standard","has-post-thumbnail","hentry","category-economia","tag-acuerdo","tag-aumento-de-naftas","tag-massa","tag-precios-justos","tag-royon","tag-tombolini","tag-ypf"],"_links":{"self":[{"href":"https:\/\/www.visionweb.com.ar\/index.php?rest_route=\/wp\/v2\/posts\/10657","targetHints":{"allow":["GET"]}}],"collection":[{"href":"https:\/\/www.visionweb.com.ar\/index.php?rest_route=\/wp\/v2\/posts"}],"about":[{"href":"https:\/\/www.visionweb.com.ar\/index.php?rest_route=\/wp\/v2\/types\/post"}],"author":[{"embeddable":true,"href":"https:\/\/www.visionweb.com.ar\/index.php?rest_route=\/wp\/v2\/users\/4"}],"replies":[{"embeddable":true,"href":"https:\/\/www.visionweb.com.ar\/index.php?rest_route=%2Fwp%2Fv2%2Fcomments&post=10657"}],"version-history":[{"count":1,"href":"https:\/\/www.visionweb.com.ar\/index.php?rest_route=\/wp\/v2\/posts\/10657\/revisions"}],"predecessor-version":[{"id":10658,"href":"https:\/\/www.visionweb.com.ar\/index.php?rest_route=\/wp\/v2\/posts\/10657\/revisions\/10658"}],"wp:featuredmedia":[{"embeddable":true,"href":"https:\/\/www.visionweb.com.ar\/index.php?rest_route=\/wp\/v2\/media\/9397"}],"wp:attachment":[{"href":"https:\/\/www.visionweb.com.ar\/index.php?rest_route=%2Fwp%2Fv2%2Fmedia&parent=10657"}],"wp:term":[{"taxonomy":"category","embeddable":true,"href":"https:\/\/www.visionweb.com.ar\/index.php?rest_route=%2Fwp%2Fv2%2Fcategories&post=10657"},{"taxonomy":"post_tag","embeddable":true,"href":"https:\/\/www.visionweb.com.ar\/index.php?rest_route=%2Fwp%2Fv2%2Ftags&post=10657"}],"curies":[{"name":"wp","href":"https:\/\/api.w.org\/{rel}","templated":true}]}}