{"id":10654,"date":"2023-05-17T08:28:54","date_gmt":"2023-05-17T11:28:54","guid":{"rendered":"https:\/\/www.visionweb.com.ar\/?p=10654"},"modified":"2023-05-19T09:24:02","modified_gmt":"2023-05-19T12:24:02","slug":"juntos-le-pide-a-kicillof-que-confirme-la-fecha-de-las-elecciones-generales","status":"publish","type":"post","link":"https:\/\/www.visionweb.com.ar\/?p=10654","title":{"rendered":"Juntos le pide a Kicillof que confirme la fecha de las elecciones generales"},"content":{"rendered":"<p><strong><em>Legisladores de la oposici\u00f3n pidieron en una conferencia de prensa para exigir la confirmaci\u00f3n de una fecha. El Gobernador ya confirm\u00f3 que las primarias se van a realizar el 13 de agosto, en simultaneo con las nacionales.<\/em><\/strong><!--more--><strong>L<\/strong>os bloques de Diputados y Senadores de Juntos de la Legislatura bonaerense brindaron este martes una conferencia de prensa para exigirle al gobernador Axel Kicillof que defina una fecha para los comicios generales provinciales de este a\u00f1o.<\/p>\n<p>La presentaci\u00f3n fue encabezada por los presidentes de los bloques de la coalici\u00f3n opositora, el senador Alejandro Rabinovich y el diputado Maximiliano Abad, quienes estuvieron acompa\u00f1ados por otros legisladores de Juntos.<\/p>\n<p>\u201cLa provincia de Buenos Aires es el \u00fanico distrito de la Rep\u00fablica Argentina que a\u00fan no tiene fijada la fecha de elecciones, con la incertidumbre que esto genera tanto a nivel pol\u00edtico como democr\u00e1tico\u201d, sostuvo Rabinovich.<\/p>\n<p>Y agreg\u00f3: \u201cNo podemos permitir que detr\u00e1s de un comicio electoral, donde se van a elegir a los 135 intendentes, adem\u00e1s, del pr\u00f3ximo gobernador, nos tenga a merced de una especulaci\u00f3n pol\u00edtica de su alianza electoral\u201d.<\/p>\n<p>El senador dijo que \u201ces la primera vez que sucede en 40 a\u00f1os de democracia que la provincia de Buenos Aires es la \u00fanica provincia que no tiene fijada su fecha de elecciones\u201d.<\/p>\n<p>Abad, por su parte, sostuvo que \u201cel gobernador Kicillof convoc\u00f3 a las PASO pero no a la elecci\u00f3n general\u201d. \u201cNo hay certidumbre, no hay seguridad jur\u00eddica sobre el proceso, ni certezas para los bonaerenses. Hoy s\u00f3lo hay manipulaci\u00f3n del proceso electoral\u201d, consider\u00f3.<\/p>\n<p>Asimismo, sostuvo que \u201cdesde Juntos queremos que el Gobierno diga cabalmente, y ya mismo, cu\u00e1ndo y c\u00f3mo van a ser las elecciones generales\u201d. \u201cNo sabemos cu\u00e1l es la fecha, cu\u00e1l es la autoridad electoral, ni cu\u00e1l es el sistema de votaci\u00f3n\u201d, agreg\u00f3.<\/p>\n<p>Vale se\u00f1alar que Kicillof ya estableci\u00f3 que las elecciones primarias se van a realizar el pr\u00f3ximo 13 de agosto, en sinton\u00eda con los comicios nacionales. En tanto, a\u00fan falta saber la fecha de las generales.<strong>(VW)<\/strong><\/p>\n","protected":false},"excerpt":{"rendered":"<p>Legisladores de la oposici\u00f3n pidieron en una conferencia de prensa para exigir la confirmaci\u00f3n de una fecha. El Gobernador ya confirm\u00f3 que las primarias se van a realizar el 13 de agosto, en simultaneo&#46;&#46;&#46;<\/p>\n","protected":false},"author":3,"featured_media":10655,"comment_status":"closed","ping_status":"closed","sticky":false,"template":"","format":"standard","meta":{"_monsterinsights_skip_tracking":false,"_monsterinsights_sitenote_active":false,"_monsterinsights_sitenote_note":"","_monsterinsights_sitenote_category":0,"footnotes":""},"categories":[4],"tags":[143,999,1381],"class_list":["post-10654","post","type-post","status-publish","format-standard","has-post-thumbnail","hentry","category-politica","tag-diputados","tag-juntos","tag-senadores"],"_links":{"self":[{"href":"https:\/\/www.visionweb.com.ar\/index.php?rest_route=\/wp\/v2\/posts\/10654","targetHints":{"allow":["GET"]}}],"collection":[{"href":"https:\/\/www.visionweb.com.ar\/index.php?rest_route=\/wp\/v2\/posts"}],"about":[{"href":"https:\/\/www.visionweb.com.ar\/index.php?rest_route=\/wp\/v2\/types\/post"}],"author":[{"embeddable":true,"href":"https:\/\/www.visionweb.com.ar\/index.php?rest_route=\/wp\/v2\/users\/3"}],"replies":[{"embeddable":true,"href":"https:\/\/www.visionweb.com.ar\/index.php?rest_route=%2Fwp%2Fv2%2Fcomments&post=10654"}],"version-history":[{"count":3,"href":"https:\/\/www.visionweb.com.ar\/index.php?rest_route=\/wp\/v2\/posts\/10654\/revisions"}],"predecessor-version":[{"id":10691,"href":"https:\/\/www.visionweb.com.ar\/index.php?rest_route=\/wp\/v2\/posts\/10654\/revisions\/10691"}],"wp:featuredmedia":[{"embeddable":true,"href":"https:\/\/www.visionweb.com.ar\/index.php?rest_route=\/wp\/v2\/media\/10655"}],"wp:attachment":[{"href":"https:\/\/www.visionweb.com.ar\/index.php?rest_route=%2Fwp%2Fv2%2Fmedia&parent=10654"}],"wp:term":[{"taxonomy":"category","embeddable":true,"href":"https:\/\/www.visionweb.com.ar\/index.php?rest_route=%2Fwp%2Fv2%2Fcategories&post=10654"},{"taxonomy":"post_tag","embeddable":true,"href":"https:\/\/www.visionweb.com.ar\/index.php?rest_route=%2Fwp%2Fv2%2Ftags&post=10654"}],"curies":[{"name":"wp","href":"https:\/\/api.w.org\/{rel}","templated":true}]}}