{"id":10639,"date":"2023-05-16T13:59:03","date_gmt":"2023-05-16T16:59:03","guid":{"rendered":"https:\/\/www.visionweb.com.ar\/?p=10639"},"modified":"2023-05-16T13:59:03","modified_gmt":"2023-05-16T16:59:03","slug":"monte-hermoso-tendra-un-parque-ambiental-en-el-paseo-del-pinar","status":"publish","type":"post","link":"https:\/\/www.visionweb.com.ar\/?p=10639","title":{"rendered":"Monte Hermoso tendr\u00e1 un parque ambiental en el Paseo del Pinar"},"content":{"rendered":"<p><em><strong>\u00a0El balneario contar\u00e1 con un nuevo espacio ambiental en el Paseo del Pinar, muy visitado por el turismo. Adem\u00e1s este espacio tendr\u00e1 un \u201cAula Sustentable\u201d que se destinar\u00e1 al uso comunitario para la Educaci\u00f3n Ambiental.<\/strong><\/em><!--more--><\/p>\n<p><strong> <img loading=\"lazy\" decoding=\"async\" class=\"size-full wp-image-10640 alignright\" src=\"https:\/\/www.visionweb.com.ar\/wp-content\/uploads\/2023\/05\/Monte-hermoso-paseo-del-pinar.png\" alt=\"\" width=\"234\" height=\"175\" \/>\u00a0\u00a0 E<\/strong>l Municipio de Monte Hermoso inform\u00f3 que habr\u00e1 un nuevo parque ambiental, en el marco de un programa propuesto por el Ministerio de Ambiente de la provincia de Buenos Aires, que estar\u00e1 ubicado en el<strong>\u00a0paseo del Pinar de Monte Hermoso<\/strong>, cuyas obras ya se encuentran en ejecuci\u00f3n.<\/p>\n<p>Desde el Municipio de Monte Hermoso, se\u00f1alaron que el objetivo\u00a0es <strong>\u00abponer en valor espacios verdes municipales y transformarlos en \u00e1mbitos comunitarios y que cada parque ambiental est\u00e9 pensado como espacio de recreaci\u00f3n, encuentro y esparcimiento social\u00bb<\/strong>.<\/p>\n<p>En este sentido, este espacio tendr\u00e1 un \u201cAula Sustentable\u201d, construida con materiales y t\u00e9cnicas alternativas y que se destinar\u00e1 al uso comunitario para la Educaci\u00f3n Ambiental.<\/p>\n<p>En esa l\u00ednea, la secretaria de Gesti\u00f3n Ambiental, Sandy Puleston, explic\u00f3 que contar\u00e1 con una huerta agroecol\u00f3gica, donde se promover\u00e1 soberan\u00eda alimentaria y una compostera comunitaria, para colaborar en la disminuci\u00f3n de los residuos org\u00e1nicos que descartamos.<\/p>\n<p><strong>\u00abContaremos con dispositivos de energ\u00eda renovable, para promover el uso de energ\u00edas alternativas a las provenientes de combustibles f\u00f3siles; adem\u00e1s de juegos sustentables construidos con materiales reciclados\u00bb, indic\u00f3.<\/strong><\/p>\n<p><strong>\u00abHabr\u00e1 adem\u00e1s un Invernadero, para producir plantines para la huerta y especies nativas que nos ayuden a recuperar paisajes naturales originarios\u00bb<\/strong>, detall\u00f3 Puleston.<\/p>\n<p>Adem\u00e1s, el parque ambiental ofrecer\u00e1 un \u201cPunto verde\u201d, para concientizar sobre la separaci\u00f3n en origen y el reciclado, fortaleciendo a la vez el trabajo de las y los recuperadores urbanos.<\/p>\n<p>El Paseo del Pinar fue inaugurado en 1999 y se trata de los espacios m\u00e1s visitados por los turistas. Es un espacio verde, compuesto por una variada vegetaci\u00f3n, con frondosos y a\u00f1ejos \u00e1rboles de diversas especies. Se ubica en la calle Bosque Alegre y Sipe Sipe. <strong>(VW)<\/strong><\/p>\n","protected":false},"excerpt":{"rendered":"<p>\u00a0El balneario contar\u00e1 con un nuevo espacio ambiental en el Paseo del Pinar, muy visitado por el turismo. Adem\u00e1s este espacio tendr\u00e1 un \u201cAula Sustentable\u201d que se destinar\u00e1 al uso comunitario para la Educaci\u00f3n&#46;&#46;&#46;<\/p>\n","protected":false},"author":4,"featured_media":10640,"comment_status":"closed","ping_status":"closed","sticky":false,"template":"","format":"standard","meta":{"_monsterinsights_skip_tracking":false,"_monsterinsights_sitenote_active":false,"_monsterinsights_sitenote_note":"","_monsterinsights_sitenote_category":0,"footnotes":""},"categories":[8],"tags":[4420,1499,4417,4418,4419],"class_list":["post-10639","post","type-post","status-publish","format-standard","has-post-thumbnail","hentry","category-interes-general","tag-gestion-ambiental","tag-monte-hermoso","tag-parque-ambiental","tag-paseo-del-pinar","tag-sandy-puleston"],"_links":{"self":[{"href":"https:\/\/www.visionweb.com.ar\/index.php?rest_route=\/wp\/v2\/posts\/10639","targetHints":{"allow":["GET"]}}],"collection":[{"href":"https:\/\/www.visionweb.com.ar\/index.php?rest_route=\/wp\/v2\/posts"}],"about":[{"href":"https:\/\/www.visionweb.com.ar\/index.php?rest_route=\/wp\/v2\/types\/post"}],"author":[{"embeddable":true,"href":"https:\/\/www.visionweb.com.ar\/index.php?rest_route=\/wp\/v2\/users\/4"}],"replies":[{"embeddable":true,"href":"https:\/\/www.visionweb.com.ar\/index.php?rest_route=%2Fwp%2Fv2%2Fcomments&post=10639"}],"version-history":[{"count":1,"href":"https:\/\/www.visionweb.com.ar\/index.php?rest_route=\/wp\/v2\/posts\/10639\/revisions"}],"predecessor-version":[{"id":10641,"href":"https:\/\/www.visionweb.com.ar\/index.php?rest_route=\/wp\/v2\/posts\/10639\/revisions\/10641"}],"wp:featuredmedia":[{"embeddable":true,"href":"https:\/\/www.visionweb.com.ar\/index.php?rest_route=\/wp\/v2\/media\/10640"}],"wp:attachment":[{"href":"https:\/\/www.visionweb.com.ar\/index.php?rest_route=%2Fwp%2Fv2%2Fmedia&parent=10639"}],"wp:term":[{"taxonomy":"category","embeddable":true,"href":"https:\/\/www.visionweb.com.ar\/index.php?rest_route=%2Fwp%2Fv2%2Fcategories&post=10639"},{"taxonomy":"post_tag","embeddable":true,"href":"https:\/\/www.visionweb.com.ar\/index.php?rest_route=%2Fwp%2Fv2%2Ftags&post=10639"}],"curies":[{"name":"wp","href":"https:\/\/api.w.org\/{rel}","templated":true}]}}