{"id":10636,"date":"2023-05-15T13:24:44","date_gmt":"2023-05-15T16:24:44","guid":{"rendered":"https:\/\/www.visionweb.com.ar\/?p=10636"},"modified":"2023-05-15T13:24:44","modified_gmt":"2023-05-15T16:24:44","slug":"ayacucho-inauguraron-una-planta-integral-de-reciclado-de-baterias","status":"publish","type":"post","link":"https:\/\/www.visionweb.com.ar\/?p=10636","title":{"rendered":"Ayacucho: Inauguraron una planta Integral de Reciclado de Bater\u00edas"},"content":{"rendered":"<p><em><strong>Se trata de la primera planta de reciclaje de bater\u00edas de todo el pa\u00eds que procesar\u00e1 140 mil bater\u00edas por mes y luego las lanzar\u00e1 nuevamente al mercado, en un esquema de econom\u00eda circular.<\/strong><\/em><!--more--><\/p>\n<p><strong>\u00a0\u00a0 <img loading=\"lazy\" decoding=\"async\" class=\"size-full wp-image-10637 alignright\" src=\"https:\/\/www.visionweb.com.ar\/wp-content\/uploads\/2023\/05\/reciclado-baterias-en-ayacucho.png\" alt=\"\" width=\"294\" height=\"171\" \/>\u00a0\u00a0 E<\/strong>l<strong> Centro Integral de Reciclado de Bater\u00edas,<\/strong>\u00a0 perteneciente a la firma Mateo Hermanos, fue inaugurado ayer en un acto que cont\u00f3 con la presencia del intendente Emilio Cordonnier, y del jefe de Asesores bonaerense,\u00a0Carlos Bianco.<\/p>\n<p>Ubicado en la localidad de Ayacucho provincia de Buenos Aires, el proyecto que abri\u00f3 sus puertas ayer domingo, comenz\u00f3 a tomar forma en enero de 2020 cuando la Municipalidad le cedi\u00f3 a la empresa dos hect\u00e1reas ubicadas en el kil\u00f3metro 73,5 de la ruta 50. La transferencia del inmueble era, justamente, para construir este centro de reciclado.<\/p>\n<p>Durante la presentaci\u00f3n explicaron que e<strong>l objetivo de la firma es recuperar las bater\u00edas vendidas que quedan en desuso, renovarlas y volver a distribuirlas<\/strong>. Esto servir\u00eda para reducir su impacto ambiental y tambi\u00e9n para implementar un esquema de econom\u00eda circular.<\/p>\n<p>\u00abLa planta de reciclado nos permitir\u00e1 abarcar todo el ciclo de vida de nuestros productos\u00bb, explicaron.<\/p>\n<p>A la vez, se estima que la planta <strong>procesar\u00e1<\/strong> <strong>140<\/strong> <strong>mil<\/strong> <strong>bater\u00edas<\/strong> <strong>por<\/strong> <strong>mes:<\/strong> Se reciclar\u00e1 plomo en un 60% (el componente principal del acumulador el\u00e9ctrico), pl\u00e1sticos en un 20% y \u00e1cido sulf\u00farico en un 15%.<\/p>\n<p>\u00abVamos a hacer algo que hoy no existe en Argentina, que es reciclar el \u00e1cido sulf\u00farico de bater\u00edas en desuso\u00bb, aseguraron.<\/p>\n<p>En el acto, Carlos Bianco celebr\u00f3 la inauguraci\u00f3n y detall\u00f3 que \u00abrepresenta un avance en el cuidado del ambiente e implica tambi\u00e9n la creaci\u00f3n de m\u00e1s puestos de trabajo en la ciudad\u00bb. Es que desde la compa\u00f1\u00eda estiman que\u00a0<strong>la planta de reciclado de bater\u00edas y fundici\u00f3n de plomo servir\u00e1 para crear entre 80 y 100 nuevos puestos de trabajo<\/strong>.<\/p>\n<p>Por su parte, Cordonnier, el jefe comunal de Ayacucho que hab\u00eda cedido el predio hace poco m\u00e1s de 3 a\u00f1os a este emprendimiento, tambi\u00e9n expres\u00f3 su alegr\u00eda durante la inauguraci\u00f3n: \u00abEs un orgullo para Ayacucho que se est\u00e9 inaugurando aqu\u00ed la primera planta de este tipo en el pa\u00eds\u00bb, describi\u00f3. <strong>(VW)<\/strong><\/p>\n","protected":false},"excerpt":{"rendered":"<p>Se trata de la primera planta de reciclaje de bater\u00edas de todo el pa\u00eds que procesar\u00e1 140 mil bater\u00edas por mes y luego las lanzar\u00e1 nuevamente al mercado, en un esquema de econom\u00eda circular.<\/p>\n","protected":false},"author":4,"featured_media":10637,"comment_status":"closed","ping_status":"closed","sticky":false,"template":"","format":"standard","meta":{"_monsterinsights_skip_tracking":false,"_monsterinsights_sitenote_active":false,"_monsterinsights_sitenote_note":"","_monsterinsights_sitenote_category":0,"footnotes":""},"categories":[8],"tags":[4413,4415,4416,1870,4414],"class_list":["post-10636","post","type-post","status-publish","format-standard","has-post-thumbnail","hentry","category-interes-general","tag-ayacucho","tag-carlos-bianco","tag-cordonnier","tag-inauguracion","tag-planta-de-reciclado-de-baterias"],"_links":{"self":[{"href":"https:\/\/www.visionweb.com.ar\/index.php?rest_route=\/wp\/v2\/posts\/10636","targetHints":{"allow":["GET"]}}],"collection":[{"href":"https:\/\/www.visionweb.com.ar\/index.php?rest_route=\/wp\/v2\/posts"}],"about":[{"href":"https:\/\/www.visionweb.com.ar\/index.php?rest_route=\/wp\/v2\/types\/post"}],"author":[{"embeddable":true,"href":"https:\/\/www.visionweb.com.ar\/index.php?rest_route=\/wp\/v2\/users\/4"}],"replies":[{"embeddable":true,"href":"https:\/\/www.visionweb.com.ar\/index.php?rest_route=%2Fwp%2Fv2%2Fcomments&post=10636"}],"version-history":[{"count":1,"href":"https:\/\/www.visionweb.com.ar\/index.php?rest_route=\/wp\/v2\/posts\/10636\/revisions"}],"predecessor-version":[{"id":10638,"href":"https:\/\/www.visionweb.com.ar\/index.php?rest_route=\/wp\/v2\/posts\/10636\/revisions\/10638"}],"wp:featuredmedia":[{"embeddable":true,"href":"https:\/\/www.visionweb.com.ar\/index.php?rest_route=\/wp\/v2\/media\/10637"}],"wp:attachment":[{"href":"https:\/\/www.visionweb.com.ar\/index.php?rest_route=%2Fwp%2Fv2%2Fmedia&parent=10636"}],"wp:term":[{"taxonomy":"category","embeddable":true,"href":"https:\/\/www.visionweb.com.ar\/index.php?rest_route=%2Fwp%2Fv2%2Fcategories&post=10636"},{"taxonomy":"post_tag","embeddable":true,"href":"https:\/\/www.visionweb.com.ar\/index.php?rest_route=%2Fwp%2Fv2%2Ftags&post=10636"}],"curies":[{"name":"wp","href":"https:\/\/api.w.org\/{rel}","templated":true}]}}