{"id":10613,"date":"2023-05-12T18:15:28","date_gmt":"2023-05-12T21:15:28","guid":{"rendered":"https:\/\/www.visionweb.com.ar\/?p=10613"},"modified":"2023-05-13T20:23:14","modified_gmt":"2023-05-13T23:23:14","slug":"indec-la-inflacion-de-abril-fue-de-84","status":"publish","type":"post","link":"https:\/\/www.visionweb.com.ar\/?p=10613","title":{"rendered":"INDEC: La inflaci\u00f3n de abril fue de 8,4%"},"content":{"rendered":"<p><em><strong>La interanual lleg\u00f3 a 108,8% y en lo que va del a\u00f1o, los precios de la econom\u00eda crecieron en promedio un 32,4%. Los principales aumentos fueron en alimentos y textiles.<\/strong><\/em><!--more--><\/p>\n<p><strong> <img loading=\"lazy\" decoding=\"async\" class=\"size-full wp-image-10614 alignright\" src=\"https:\/\/www.visionweb.com.ar\/wp-content\/uploads\/2023\/05\/super.png\" alt=\"\" width=\"240\" height=\"135\" \/>\u00a0\u00a0 La<\/strong> inflaci\u00f3n de abril fue de <strong>8,4%<\/strong>, es decir, \u00a00,7 puntos porcentuales m\u00e1s respecto al mes pasado, y con este dato se desprende que la\u00a0variaci\u00f3n de los \u00faltimos 12 meses alcanz\u00f3 es de <strong>108,8%<\/strong>, conforme detall\u00f3 esta tarde el\u00a0INDEC\u00a0en la nueva publicaci\u00f3n del\u00a0\u00cdndice de Precios al Consumidor (IPC).<\/p>\n<p>El acumulado en el primer cuatrimestre del a\u00f1o,\u00a0<strong>fue de 32,4%, <\/strong>y de ese total, 10,41 puntos se explican solamente por los aumentos en alimentos y bebidas.<\/p>\n<p>Esta es la primera vez en 3 d\u00e9cadas que la inflaci\u00f3n mensual supera el umbral del 8%, y es un mes caracterizado por la disparada cambiaria protagonizada por el\u00a0d\u00f3lar blue,\u00a0<strong>las principales remarcaciones de precios se produjeron en el rubro textil (10,8%)<\/strong>\u00a0y de\u00a0<strong>alimentos y bebidas no alcoh\u00f3licas (10,1%)<\/strong>.<\/p>\n<p>Desde el INDEC aludieron la elevada variaci\u00f3n en textiles al cambio de temporada.<\/p>\n<p>Con respecto a los aumentos de alimentos,\u00a0<strong>los incrementos m\u00e1s altos<\/strong>\u00a0se vieron en las divisiones\u00a0<strong>Verduras, tub\u00e9rculos y legumbres (21,8%)<\/strong>;\u00a0<strong>Leche, productos l\u00e1cteos y huevos (10,4%)<\/strong>;\u00a0<strong>Az\u00facar, dulces, chocolates y golosinas; y Carnes y derivados (10,3%)<\/strong>. El tomate aument\u00f3 un 63,4% en las bocas de expendio, superando por amplio margen a todos los productos medidos.<\/p>\n<p>Tambi\u00e9n se destacaron las subas de las divisiones Restaurantes y hoteles (9,9%); y Equipamiento y mantenimiento del hogar (8,6%).<\/p>\n<p><strong>Desde que comenz\u00f3 el a\u00f1o, los alimentos y bebidas aumentaron un 41,2%<\/strong>,\u00a0marcadamente por encima del promedio general y del resto de categor\u00edas.\u00a0 Esta tendencia se evidencia en la\u00a0<strong>brecha<\/strong>\u00a0que existe entre la inflaci\u00f3n de abril\u00a0<strong>en Bienes (9,1%) y Servicios (6,6%)<\/strong>; as\u00ed como entre\u00a0<strong>Estacionales (12,6%) y Regulados (4,9%)<\/strong>.<\/p>\n<p>Por otra parte, el\u00a0<strong>IPC N\u00facleo<\/strong>, que suele dar una perspectiva de la tendencia inflacionaria a posteriori,\u00a0<strong>dio la misma cifra que el nivel general: 8,4%<\/strong>. En el informe de marzo, este \u00edndice hab\u00eda dado menos que la inflaci\u00f3n promedio, lo que indicaba que durante abril se pod\u00eda registrar una baja, lo que traduce un poco la perspectiva de mayo.<\/p>\n<p>Los n\u00fameros de inflaci\u00f3n a lo largo de los \u00faltimos meses fueron:<\/p>\n<ul>\n<li>Diciembre: 4,9%<\/li>\n<li>Enero: 6%<\/li>\n<li>Febrero: 6,6%<\/li>\n<li>Marzo: 7,7%<\/li>\n<li>Abril: 8,4%<\/li>\n<\/ul>\n<p>Cabe recordar que el ministro de Econom\u00eda,\u00a0<strong>Sergio Massa<\/strong>, pronostic\u00f3 a fines del a\u00f1o pasado que la cifra de abril comenzar\u00eda \u00abcon un tres adelante\u00bb.\u00a0Frente a la realidad, si se proyecta\u00a0<strong>un piso de inflaci\u00f3n de 8 por ciento para los meses que restan har\u00eda finalizar el a\u00f1o con\u00a0un\u00a0IPC de 145,06%<\/strong>.<\/p>\n<p>El presidente\u00a0<strong>Alberto Fern\u00e1ndez<\/strong>\u00a0hab\u00eda adelantado la alta cifra que se iba a publicar, en un reportaje dado este mismo viernes a Radio 10: \u00ab<strong>Tuvimos un problema muy serio con la inflaci\u00f3n en abril<\/strong>, una corrida que llev\u00f3 el d\u00f3lar de 460 a quinientos y pico de pesos. En una semana, subi\u00f3 y baj\u00f3 y volvi\u00f3 a los precios que ten\u00eda. Pero esa subida de precios opera en la cabeza de los argentinos como que va a haber una disparada y se produce una escalada de precios y luego baja el d\u00f3lar y los precios no\u00bb, dijo.<\/p>\n<p>Y a la vez continu\u00f3: \u00abAnoche hablaba del tema con Sergio [Massa], tenemos que ponernos alg\u00fan objetivo definitivo para parar esto, hay muchas causas que est\u00e1n generando esto, una es la especulaci\u00f3n de que pueda haber una devaluaci\u00f3n, que el d\u00f3lar blue sube&#8230; el &#8216;por las dudas aumentamos&#8217;, eso por lo que muchos me criticaron y yo llamaba inflaci\u00f3n autoconstruida,\u00a0<strong>inflaci\u00f3n psicol\u00f3gica<\/strong>, es precisamente eso, que no est\u00e1 en el consumidor, est\u00e1 en el peque\u00f1o comerciante\u00bb, aludi\u00f3 el presidente. <strong>(VW)<\/strong><\/p>\n","protected":false},"excerpt":{"rendered":"<p>La interanual lleg\u00f3 a 108,8% y en lo que va del a\u00f1o, los precios de la econom\u00eda crecieron en promedio un 32,4%. Los principales aumentos fueron en alimentos y textiles.<\/p>\n","protected":false},"author":4,"featured_media":10614,"comment_status":"closed","ping_status":"closed","sticky":false,"template":"","format":"standard","meta":{"_monsterinsights_skip_tracking":false,"_monsterinsights_sitenote_active":false,"_monsterinsights_sitenote_note":"","_monsterinsights_sitenote_category":0,"footnotes":""},"categories":[6,4],"tags":[75,4350,327],"class_list":["post-10613","post","type-post","status-publish","format-standard","has-post-thumbnail","hentry","category-economia","category-politica","tag-indec","tag-inflacion-de-abril","tag-ipc"],"_links":{"self":[{"href":"https:\/\/www.visionweb.com.ar\/index.php?rest_route=\/wp\/v2\/posts\/10613","targetHints":{"allow":["GET"]}}],"collection":[{"href":"https:\/\/www.visionweb.com.ar\/index.php?rest_route=\/wp\/v2\/posts"}],"about":[{"href":"https:\/\/www.visionweb.com.ar\/index.php?rest_route=\/wp\/v2\/types\/post"}],"author":[{"embeddable":true,"href":"https:\/\/www.visionweb.com.ar\/index.php?rest_route=\/wp\/v2\/users\/4"}],"replies":[{"embeddable":true,"href":"https:\/\/www.visionweb.com.ar\/index.php?rest_route=%2Fwp%2Fv2%2Fcomments&post=10613"}],"version-history":[{"count":3,"href":"https:\/\/www.visionweb.com.ar\/index.php?rest_route=\/wp\/v2\/posts\/10613\/revisions"}],"predecessor-version":[{"id":10620,"href":"https:\/\/www.visionweb.com.ar\/index.php?rest_route=\/wp\/v2\/posts\/10613\/revisions\/10620"}],"wp:featuredmedia":[{"embeddable":true,"href":"https:\/\/www.visionweb.com.ar\/index.php?rest_route=\/wp\/v2\/media\/10614"}],"wp:attachment":[{"href":"https:\/\/www.visionweb.com.ar\/index.php?rest_route=%2Fwp%2Fv2%2Fmedia&parent=10613"}],"wp:term":[{"taxonomy":"category","embeddable":true,"href":"https:\/\/www.visionweb.com.ar\/index.php?rest_route=%2Fwp%2Fv2%2Fcategories&post=10613"},{"taxonomy":"post_tag","embeddable":true,"href":"https:\/\/www.visionweb.com.ar\/index.php?rest_route=%2Fwp%2Fv2%2Ftags&post=10613"}],"curies":[{"name":"wp","href":"https:\/\/api.w.org\/{rel}","templated":true}]}}