{"id":10610,"date":"2023-05-12T10:52:28","date_gmt":"2023-05-12T13:52:28","guid":{"rendered":"https:\/\/www.visionweb.com.ar\/?p=10610"},"modified":"2023-05-12T19:35:14","modified_gmt":"2023-05-12T22:35:14","slug":"avellaneda-vecinos-tomaron-la-municipalidad","status":"publish","type":"post","link":"https:\/\/www.visionweb.com.ar\/?p=10610","title":{"rendered":"Avellaneda: Vecinos tomaron la Municipalidad"},"content":{"rendered":"<p><em><strong>Llegaron hasta el segundo piso de la sede municipal, huvo golpes e insultos frente al despacho del Intendente. La cooperativa asegura que compraron esos terrenos para levantar un barrio.<\/strong><\/em><!--more--><\/p>\n<div id=\"attachment_10611\" style=\"width: 310px\" class=\"wp-caption alignright\"><img loading=\"lazy\" decoding=\"async\" aria-describedby=\"caption-attachment-10611\" class=\"wp-image-10611 size-medium\" src=\"https:\/\/www.visionweb.com.ar\/wp-content\/uploads\/2023\/05\/COOPERATIVISTAS-300x150.png\" alt=\"\" width=\"300\" height=\"150\" srcset=\"https:\/\/www.visionweb.com.ar\/wp-content\/uploads\/2023\/05\/COOPERATIVISTAS-300x150.png 300w, https:\/\/www.visionweb.com.ar\/wp-content\/uploads\/2023\/05\/COOPERATIVISTAS.png 640w\" sizes=\"auto, (max-width: 300px) 100vw, 300px\" \/><p id=\"caption-attachment-10611\" class=\"wp-caption-text\">Los cooperativistas protestan frente a la inminente expropiaci\u00f3n de las tierras que ocupan (Foto: Inforegi\u00f3n)<\/p><\/div>\n<p><strong>I<\/strong>ntegrantes de la cooperativa Sol Naciente tomaron este jueves la Municipalidad de Avellaneda,para reclamaron una reuni\u00f3n con el intendente Jorge Ferraresi.<\/p>\n<p>Los cooperativistas acusan al jefe comunal de querer desalojarlos de un terreno que ocupan en Sarand\u00ed<strong>\u00a0que adquirieron para construir un barrio.<\/strong><\/p>\n<p>En medio de algunos incidentes, los manifestantes -que representan a 200 familias- tomaron el hall y el segundo piso del edificio y hubo\u00a0<strong>incidentes menores con personal de seguridad<\/strong>.<\/p>\n<p>La cooperativa Sol Naciente tiene como objetivo la construcci\u00f3n de viviendas, el cr\u00e9dito y el consumo, y acusa al Ejecutivo de Avellaneda de presentar en el Concejo Deliberante de Avellaneda una iniciativa\u00a0 <strong>para expropiar su terreno ubicado en Centenario Uruguayo y Campichuelo, de Sarand\u00ed,\u00a0<\/strong>para destinarlo al programa estatal de Vivienda \u00danica.<\/p>\n<p>La cooperativa asegura que compraron esos terrenos para levantar un barrio, despu\u00e9s de recibir una respuesta afirmativa por parte de la comuna a los informes de viabilidad.\u00a0<strong>Sin embargo, luego de la compra comenzaron a poner trabas a la iniciativa cooperativista<\/strong><\/p>\n<p><strong>\u201cNo se pueden construir viviendas porque es una Zona de Reserva\u201d,\u00a0<\/strong>sostuvo Jos\u00e9 Alessi, concejal del Frente de Todos y part\u00edcipe de la sesi\u00f3n de abril pasado que termin\u00f3 con esc\u00e1ndalo y que concluy\u00f3 con el compromiso de que tema se volviera a considerar este jueves en comisi\u00f3n.<\/p>\n<p>Ante el avance del proyecto, los vecinos se convocaron en la municipalidad e\u00a0<strong>ingresaron al edificio para pedir una cita con las autoridades<\/strong>. Ante la falta de respuesta subi\u00f3 la tensi\u00f3n y comenzaron los gritos preguntando por Alejo Chornobroff, quien fue intendente interino mientras Ferraresi ocup\u00f3 la silla de ministro de Desarrollo Territorial y H\u00e1bitat.<\/p>\n<p>Tambi\u00e9n ped\u00edan por Ferraresi. Ninguno de los dos se dej\u00f3 ver aunque\u00a0<strong>los vecinos llegaron al segundo piso del edificio frente al despacho del jefe comunal\u00a0<\/strong>a quien calificaron de \u201ccorrupto\u201d.<\/p>\n<p>El 13 de abril, el Concejo Deliberante\u00a0<strong>intent\u00f3 tratar el proyecto de ordenanza\u00a0<\/strong>que habilita la expropiaci\u00f3n del predio pero una protesta en los balcones del recinto oblig\u00f3 a suspender el debate ante el abandono de\u00a0<strong>los ediles del Frente de Todos que eran despedidos al grito de \u201cladrones\u201d<\/strong>.<\/p>\n<p>Tras un cuarto intermedio el proyecto que declara de\u00a0<strong>utilidad de uso p\u00fablico los terrenos en cuesti\u00f3n regres\u00f3 a comisi\u00f3n<\/strong>.<strong>(VW)<\/strong><\/p>\n","protected":false},"excerpt":{"rendered":"<p>Llegaron hasta el segundo piso de la sede municipal, huvo golpes e insultos frente al despacho del Intendente. La cooperativa asegura que compraron esos terrenos para levantar un barrio.<\/p>\n","protected":false},"author":3,"featured_media":10611,"comment_status":"closed","ping_status":"closed","sticky":false,"template":"","format":"standard","meta":{"_monsterinsights_skip_tracking":false,"_monsterinsights_sitenote_active":false,"_monsterinsights_sitenote_note":"","_monsterinsights_sitenote_category":0,"footnotes":""},"categories":[8],"tags":[4407,4408,4409],"class_list":["post-10610","post","type-post","status-publish","format-standard","has-post-thumbnail","hentry","category-interes-general","tag-coopeprativas","tag-expropiacion","tag-terreno"],"_links":{"self":[{"href":"https:\/\/www.visionweb.com.ar\/index.php?rest_route=\/wp\/v2\/posts\/10610","targetHints":{"allow":["GET"]}}],"collection":[{"href":"https:\/\/www.visionweb.com.ar\/index.php?rest_route=\/wp\/v2\/posts"}],"about":[{"href":"https:\/\/www.visionweb.com.ar\/index.php?rest_route=\/wp\/v2\/types\/post"}],"author":[{"embeddable":true,"href":"https:\/\/www.visionweb.com.ar\/index.php?rest_route=\/wp\/v2\/users\/3"}],"replies":[{"embeddable":true,"href":"https:\/\/www.visionweb.com.ar\/index.php?rest_route=%2Fwp%2Fv2%2Fcomments&post=10610"}],"version-history":[{"count":3,"href":"https:\/\/www.visionweb.com.ar\/index.php?rest_route=\/wp\/v2\/posts\/10610\/revisions"}],"predecessor-version":[{"id":10618,"href":"https:\/\/www.visionweb.com.ar\/index.php?rest_route=\/wp\/v2\/posts\/10610\/revisions\/10618"}],"wp:featuredmedia":[{"embeddable":true,"href":"https:\/\/www.visionweb.com.ar\/index.php?rest_route=\/wp\/v2\/media\/10611"}],"wp:attachment":[{"href":"https:\/\/www.visionweb.com.ar\/index.php?rest_route=%2Fwp%2Fv2%2Fmedia&parent=10610"}],"wp:term":[{"taxonomy":"category","embeddable":true,"href":"https:\/\/www.visionweb.com.ar\/index.php?rest_route=%2Fwp%2Fv2%2Fcategories&post=10610"},{"taxonomy":"post_tag","embeddable":true,"href":"https:\/\/www.visionweb.com.ar\/index.php?rest_route=%2Fwp%2Fv2%2Ftags&post=10610"}],"curies":[{"name":"wp","href":"https:\/\/api.w.org\/{rel}","templated":true}]}}