{"id":10607,"date":"2023-05-12T10:38:25","date_gmt":"2023-05-12T13:38:25","guid":{"rendered":"https:\/\/www.visionweb.com.ar\/?p=10607"},"modified":"2023-05-12T19:29:21","modified_gmt":"2023-05-12T22:29:21","slug":"grindetti-la-oposicion-real-al-kirchnerismo-no-es-patricia-bulrich-no-milei","status":"publish","type":"post","link":"https:\/\/www.visionweb.com.ar\/?p=10607","title":{"rendered":"Grindetti: La oposici\u00f3n real al kirchnerismo es Patricia ( Bulrich), no Milei"},"content":{"rendered":"<p><em><strong>El referente del Pro hizo una<\/strong> <strong>recorri\u00f3 por Quilmes Oeste acompa\u00f1ado del diputado provincial, Adri\u00e1n Urreli , la diputada nacional, Maru Sotolano.<\/strong><\/em><strong>\u00a0<\/strong><!--more--><\/p>\n<p><img loading=\"lazy\" decoding=\"async\" class=\"size-medium wp-image-10608 alignright\" src=\"https:\/\/www.visionweb.com.ar\/wp-content\/uploads\/2023\/05\/GRINDETTI-EN-QUILMES-300x200.png\" alt=\"\" width=\"300\" height=\"200\" srcset=\"https:\/\/www.visionweb.com.ar\/wp-content\/uploads\/2023\/05\/GRINDETTI-EN-QUILMES-300x200.png 300w, https:\/\/www.visionweb.com.ar\/wp-content\/uploads\/2023\/05\/GRINDETTI-EN-QUILMES.png 640w\" sizes=\"auto, (max-width: 300px) 100vw, 300px\" \/>El precandidato a gobernador del PRO, Nestor Grindetti reuni\u00f3 a m\u00e1s de 200 militantes y voluntarios en un centro de jubilados en Quilmes Oeste.<\/p>\n<p>\u00abYo estoy en este espacio porque creo que quien mejor sintetiza los valores del PRO y el cambio profundo que necesita la Argentina es Patricia\u00bb.<\/p>\n<p>Durante su visita a Quilmes, Grindetti recorri\u00f3 una pyme familiar dedicada a la producci\u00f3n y venta de bater\u00edas de automotores, suplementos y elementos para el packaging de las mismas, luego mantuvo un encuentro con militantes y voluntarios del PRO en un centro de Jubilados de Quilmes Oeste.<\/p>\n<p>\u00abYo estoy en este espacio porque creo que quien mejor sintetiza los valores del PRO y el cambio profundo que necesita la Argentina es Patricia, la oposici\u00f3n real al kirchnerismo es ella no Milei\u00bb, expres\u00f3 Grindetti ante medios locales y a\u00f1adi\u00f3: \u00abLa gente no llega a fin de mes y los niveles de inseguridad se han agravado sumado a la escalada de violencia que vive el conurbano, se necesita orden para poder salir adelante y tener conocimiento real de la provincia, los intendentes tenemos mucho para aportar en lo que viene\u00bb.<\/p>\n<p>Sobre las candidaturas a gobernador dentro del espacio de Bullrich, Grindetti indic\u00f3: \u00bb Estoy recorriendo la provincia con una fuerte convicci\u00f3n de ser candidato a gobernador, me vengo preparando para eso, conf\u00edo en que vamos a tener la capacidad y la humildad de ponernos de acuerdo pronto para encontrar la mejor opci\u00f3n y los que no sean candidatos deber\u00e1n seguir acompa\u00f1ando, los desaf\u00edos que tenemos por delante requieren de muchos dirigentes con capacidad y compromiso\u00bb.<\/p>\n<p>Esta tarde, Grindetti recorri\u00f3 la localidad de Quilmes Oeste acompa\u00f1ado del diputado provincial, Adri\u00e1n Urreli , la diputada nacional, Maru Sotolano y los referentes locales, Obdulio D\u00b4Angelo y Walter Di \u00a0Giuseppe.<strong>(VW)<\/strong><\/p>\n","protected":false},"excerpt":{"rendered":"<p>El referente del Pro hizo una recorri\u00f3 por Quilmes Oeste acompa\u00f1ado del diputado provincial, Adri\u00e1n Urreli , la diputada nacional, Maru Sotolano.\u00a0<\/p>\n","protected":false},"author":3,"featured_media":10608,"comment_status":"closed","ping_status":"closed","sticky":false,"template":"","format":"standard","meta":{"_monsterinsights_skip_tracking":false,"_monsterinsights_sitenote_active":false,"_monsterinsights_sitenote_note":"","_monsterinsights_sitenote_category":0,"footnotes":""},"categories":[4],"tags":[18,4406,1089],"class_list":["post-10607","post","type-post","status-publish","format-standard","has-post-thumbnail","hentry","category-politica","tag-grindetti","tag-quiles","tag-recorrida"],"_links":{"self":[{"href":"https:\/\/www.visionweb.com.ar\/index.php?rest_route=\/wp\/v2\/posts\/10607","targetHints":{"allow":["GET"]}}],"collection":[{"href":"https:\/\/www.visionweb.com.ar\/index.php?rest_route=\/wp\/v2\/posts"}],"about":[{"href":"https:\/\/www.visionweb.com.ar\/index.php?rest_route=\/wp\/v2\/types\/post"}],"author":[{"embeddable":true,"href":"https:\/\/www.visionweb.com.ar\/index.php?rest_route=\/wp\/v2\/users\/3"}],"replies":[{"embeddable":true,"href":"https:\/\/www.visionweb.com.ar\/index.php?rest_route=%2Fwp%2Fv2%2Fcomments&post=10607"}],"version-history":[{"count":2,"href":"https:\/\/www.visionweb.com.ar\/index.php?rest_route=\/wp\/v2\/posts\/10607\/revisions"}],"predecessor-version":[{"id":10616,"href":"https:\/\/www.visionweb.com.ar\/index.php?rest_route=\/wp\/v2\/posts\/10607\/revisions\/10616"}],"wp:featuredmedia":[{"embeddable":true,"href":"https:\/\/www.visionweb.com.ar\/index.php?rest_route=\/wp\/v2\/media\/10608"}],"wp:attachment":[{"href":"https:\/\/www.visionweb.com.ar\/index.php?rest_route=%2Fwp%2Fv2%2Fmedia&parent=10607"}],"wp:term":[{"taxonomy":"category","embeddable":true,"href":"https:\/\/www.visionweb.com.ar\/index.php?rest_route=%2Fwp%2Fv2%2Fcategories&post=10607"},{"taxonomy":"post_tag","embeddable":true,"href":"https:\/\/www.visionweb.com.ar\/index.php?rest_route=%2Fwp%2Fv2%2Ftags&post=10607"}],"curies":[{"name":"wp","href":"https:\/\/api.w.org\/{rel}","templated":true}]}}