{"id":10604,"date":"2023-05-12T08:08:27","date_gmt":"2023-05-12T11:08:27","guid":{"rendered":"https:\/\/www.visionweb.com.ar\/?p=10604"},"modified":"2023-05-11T20:36:00","modified_gmt":"2023-05-11T23:36:00","slug":"capacitacion-vial-se-oficializo-el-programa-provincial-licencia-joven-para-estudiantes-de-5to-ano","status":"publish","type":"post","link":"https:\/\/www.visionweb.com.ar\/?p=10604","title":{"rendered":"\u00a0Capacitaci\u00f3n vial: Se oficializ\u00f3 el \u201cPrograma Provincial Licencia Joven\u201d para estudiantes de 5to. a\u00f1o \u00a0"},"content":{"rendered":"<p><em><strong>El objetivo es promover la cultura de responsabilidad vial. El Ministerio de Transporte bonaerense determinar\u00e1 las\u00a0modalidades de ense\u00f1anza, organizar\u00e1 los recursos para su implementaci\u00f3n en toda la Provincia.<\/strong><\/em><!--more--><\/p>\n<p><strong>\u00a0\u00a0 <img loading=\"lazy\" decoding=\"async\" class=\"size-full wp-image-10605 alignright\" src=\"https:\/\/www.visionweb.com.ar\/wp-content\/uploads\/2023\/05\/licencia-joven.png\" alt=\"\" width=\"231\" height=\"140\" \/> E<\/strong>l gobierno bonaerense lanz\u00f3 el \u201c<strong>Programa Provincial Licencia Joven<\/strong>\u201d, destinado a j\u00f3venes \u00a0estudiantes de 5\u00ba a\u00f1o de las escuelas secundarias de la provincia de Buenos Aires, mediante el cual acceder\u00e1n a contenidos que les permitir\u00e1\u00a0<strong>rendir el examen te\u00f3rico para obtener su primera licencia de conducir<\/strong>.<\/p>\n<p>La iniciativa se oficializ\u00f3 a trav\u00e9s de la resoluci\u00f3n 113 publicada el jueves 11 en el Bolet\u00edn Oficial del distrito, donde encomend\u00f3 a todas las \u00e1reas del Ministerio de Transporte \u201cla incorporaci\u00f3n transversal de campa\u00f1as de capacitaci\u00f3n en las acciones derivadas de sus respectivas competencias y asignar a la Direcci\u00f3n Provincial de Pol\u00edticas Educativas de Prevenci\u00f3n -Subsecretar\u00eda de Articulaci\u00f3n Interjurisdiccional del Transporte- en conjunto con los referentes municipales, la planificaci\u00f3n, coordinaci\u00f3n, organizaci\u00f3n, ejecuci\u00f3n y evaluaci\u00f3n del Programa\u201d.<\/p>\n<p>En los fundamentos de la medida, se especific\u00f3 que una de las misiones del organismo es \u201c<strong>proponer iniciativas de prevenci\u00f3n del delito en el \u00e1mbito del transporte<\/strong>\u00a0con la totalidad de los niveles educativos provinciales y nacionales con presencia en el territorio provincial, en coordinaci\u00f3n con la Direcci\u00f3n General de Cultura y Educaci\u00f3n y Ministerio de Seguridad\u201d.<\/p>\n<p>Se record\u00f3 que tambi\u00e9n es tarea de la cartera \u201ccoordinar con el \u00e1rea pertinente las capacitaciones de\u00a0<strong>concientizaci\u00f3n y prevenci\u00f3n en seguridad vial<\/strong>\u201d y se detall\u00f3 que \u201cuna de las l\u00edneas directrices de este Ministerio de Transporte es educar para prevenir los peligros en la movilidad y promover la convivencia ciudadana segura, como resultado de una pol\u00edtica p\u00fablica coherente y coordinada en t\u00e9rminos sociales\u201d.<\/p>\n<p>\u201cLa seguridad vial es una pol\u00edtica de Estado, estableciendo la importancia de incluir la<strong>\u00a0educaci\u00f3n vial\u00a0<\/strong>en todos los niveles de ense\u00f1anza para cumplir con el objetivo de reducir la tasa de siniestralidad en el pa\u00eds\u201d, se apunt\u00f3.<\/p>\n<p>De ese modo, se se\u00f1al\u00f3 que el Programa Provincial Licencia Joven \u201ctoma a la educaci\u00f3n como un pilar fundamental para generar acciones de cuestionamiento sobre el uso del espacio p\u00fablico, concientizaci\u00f3n y prevenci\u00f3n de los riesgos en el tr\u00e1nsito y el transporte de la Provincia de Buenos Aires\u201d.<\/p>\n<p>\u201cTiene por finalidad<strong>\u00a0optimizar la seguridad vial<\/strong>\u00a0en nuestra Provincia y promover una cultura de responsabilidad ciudadana, estableciendo con car\u00e1cter prioritario la capacitaci\u00f3n de los\/as j\u00f3venes para el desenvolvimiento de una conducci\u00f3n segura y promover el rol de los j\u00f3venes como multiplicadores de seguridad vial\u201d, se describi\u00f3.<\/p>\n<p>El Ministerio de Transporte determinar\u00e1 las\u00a0<strong>modalidades de ense\u00f1anza, organizar\u00e1 los recursos y establecer\u00e1 los convenios<\/strong>\u00a0necesarios para su dictado y las pautas para su implementaci\u00f3n en toda la Provincia.<\/p>\n<p>Adem\u00e1s, desarrollar\u00e1 el dise\u00f1o curricular del curso estableciendo contenidos, extensi\u00f3n y modalidades; garantizar\u00e1 las condiciones de profesionalidad, seguridad y calidad del curso y los responsables a cargo; y establecer\u00e1 los requisitos a ser cumplidos por los participantes.<\/p>\n<p>En paralelo, difundir\u00e1 peri\u00f3dicamente campa\u00f1as de seguridad vial \u201cinformando sobre su importancia, en especial para los\/as j\u00f3venes, las reglas de circulaci\u00f3n en la v\u00eda p\u00fablica y los derechos y las obligaciones de los peatones y de los conductores de rodados de todo tipo\u201d. <strong>(VW)<\/strong><\/p>\n<p>&nbsp;<\/p>\n","protected":false},"excerpt":{"rendered":"<p>El objetivo es promover la cultura de responsabilidad vial. El Ministerio de Transporte bonaerense determinar\u00e1 las\u00a0modalidades de ense\u00f1anza, organizar\u00e1 los recursos para su implementaci\u00f3n en toda la Provincia.<\/p>\n","protected":false},"author":4,"featured_media":10605,"comment_status":"closed","ping_status":"closed","sticky":false,"template":"","format":"standard","meta":{"_monsterinsights_skip_tracking":false,"_monsterinsights_sitenote_active":false,"_monsterinsights_sitenote_note":"","_monsterinsights_sitenote_category":0,"footnotes":""},"categories":[8],"tags":[4404,4405,4403,356],"class_list":["post-10604","post","type-post","status-publish","format-standard","has-post-thumbnail","hentry","category-interes-general","tag-capacitacion-vial","tag-estudiantes-de-5to","tag-programa-provincial-licencia-joven","tag-provincia"],"_links":{"self":[{"href":"https:\/\/www.visionweb.com.ar\/index.php?rest_route=\/wp\/v2\/posts\/10604","targetHints":{"allow":["GET"]}}],"collection":[{"href":"https:\/\/www.visionweb.com.ar\/index.php?rest_route=\/wp\/v2\/posts"}],"about":[{"href":"https:\/\/www.visionweb.com.ar\/index.php?rest_route=\/wp\/v2\/types\/post"}],"author":[{"embeddable":true,"href":"https:\/\/www.visionweb.com.ar\/index.php?rest_route=\/wp\/v2\/users\/4"}],"replies":[{"embeddable":true,"href":"https:\/\/www.visionweb.com.ar\/index.php?rest_route=%2Fwp%2Fv2%2Fcomments&post=10604"}],"version-history":[{"count":1,"href":"https:\/\/www.visionweb.com.ar\/index.php?rest_route=\/wp\/v2\/posts\/10604\/revisions"}],"predecessor-version":[{"id":10606,"href":"https:\/\/www.visionweb.com.ar\/index.php?rest_route=\/wp\/v2\/posts\/10604\/revisions\/10606"}],"wp:featuredmedia":[{"embeddable":true,"href":"https:\/\/www.visionweb.com.ar\/index.php?rest_route=\/wp\/v2\/media\/10605"}],"wp:attachment":[{"href":"https:\/\/www.visionweb.com.ar\/index.php?rest_route=%2Fwp%2Fv2%2Fmedia&parent=10604"}],"wp:term":[{"taxonomy":"category","embeddable":true,"href":"https:\/\/www.visionweb.com.ar\/index.php?rest_route=%2Fwp%2Fv2%2Fcategories&post=10604"},{"taxonomy":"post_tag","embeddable":true,"href":"https:\/\/www.visionweb.com.ar\/index.php?rest_route=%2Fwp%2Fv2%2Ftags&post=10604"}],"curies":[{"name":"wp","href":"https:\/\/api.w.org\/{rel}","templated":true}]}}