{"id":10586,"date":"2023-05-11T07:55:22","date_gmt":"2023-05-11T10:55:22","guid":{"rendered":"https:\/\/www.visionweb.com.ar\/?p=10586"},"modified":"2023-05-10T20:10:23","modified_gmt":"2023-05-10T23:10:23","slug":"manes-y-abad-postergaron-su-lanzamiento-otra-vez","status":"publish","type":"post","link":"https:\/\/www.visionweb.com.ar\/?p=10586","title":{"rendered":"Manes y Abad postergaron su lanzamiento otra vez"},"content":{"rendered":"<p><em><strong>Los referentes del radicalismo, rama\u00a0Adelante Buenos Aires, el oficialismo radical en la provincia, no acierta a confirmar una fecha para lanzarse.<\/strong><\/em><!--more--><\/p>\n<p><strong><img loading=\"lazy\" decoding=\"async\" class=\"size-medium wp-image-10587 alignright\" src=\"https:\/\/www.visionweb.com.ar\/wp-content\/uploads\/2023\/05\/ABAD-Y-MANES-300x169.png\" alt=\"\" width=\"300\" height=\"169\" srcset=\"https:\/\/www.visionweb.com.ar\/wp-content\/uploads\/2023\/05\/ABAD-Y-MANES-300x169.png 300w, https:\/\/www.visionweb.com.ar\/wp-content\/uploads\/2023\/05\/ABAD-Y-MANES.png 640w\" sizes=\"auto, (max-width: 300px) 100vw, 300px\" \/>E<\/strong>l acto de lanzamiento de Facundo Manes y Maximiliano Abad, como precandidatos a presidente y gobernador que iba a realizarse en el microestadio de Lan\u00fas\u00a0<strong>volvi\u00f3 a ser postergado\u00a0<\/strong>en el marco de una internas de la coalici\u00f3n opositora Juntos que no termina de definirse.<\/p>\n<p>Mientras, el titular del Comit\u00e9 Nacional, el juje\u00f1o\u00a0<strong>Gerardo Morales, recorre la provincia y el conurbano de la mano de Mart\u00edn Lousteau, Federico Storani y Gustavo Posse,\u00a0<\/strong>los integrantes de Adelante Buenos Aires, el oficialismo radical en la provincia, no acierta a confirmar una fecha para lanzarse.<\/p>\n<p>As\u00ed, la cita, programado para el 5 de mayo y postergado hasta el 12 \u00a0de este mes, volvi\u00f3 a diferirse, esta vez, sin fecha. Desde la UCR de la provincia indicaron que el motivo de esta nueva postergaci\u00f3n es\u00a0<strong>la indefinici\u00f3n que atraviesa Juntos en materia de candidaturas.<\/strong><\/p>\n<p>Mientras tanto, Abad, titular del Comit\u00e9 Provincia de la UCR, no habl\u00f3 del acto, aunque\u00a0<strong>convoc\u00f3 a participar del encuentro Revoluci\u00f3n Educativa,\u00a0<\/strong>que tendr\u00e1 lugar el s\u00e1bado 13 de mayo en el Colegio Nacional de La Plata.<\/p>\n<p>Algo similar hizo en la primera suspensi\u00f3n cuando el acto fue reemplazado por una jornada para la estructura dirigencial de Adelante que tuvo lugar en la facultad de Ciencias Econ\u00f3micas de la UNLZ.<\/p>\n<p>Por su parte, Facundo Manes colecciona fotos en sus oficinas de la calle Armenia con legisladores y dirigentes territoriales de la enflaquecida estructura del radicalismo en el conurbano con quienes recuerda la campa\u00f1a de 2021 cuando decidieron \u201cdar el PASO\u201d<\/p>\n<p>\u201cVerlos me remonta a la campa\u00f1a del 2021, cuando con dos escarbadientes sacamos un mill\u00f3n cuatrocientos mil votos en la provincia de Buenos Aires. Enfrentamos un aparato y ganamos en la mayor\u00eda de los distritos. Ustedes fueron la clave para conseguir ese resultado, con el trabajo, el esfuerzo y el acompa\u00f1amiento que desplegaron\u201d, dijo a los jefes comunales.<\/p>\n<p>En tanto, areng\u00f3 a los dirigentes de la populosa Tercera secci\u00f3n, ante quienes se\u00f1al\u00f3 que \u201cel conurbano bonaerense es un sector golpeado desde hace d\u00e9cadas\u201d e inst\u00f3 a \u201ctransformar la decadencia en crecimiento y desarrollo\u201d(<strong>WP<\/strong>).<\/p>\n","protected":false},"excerpt":{"rendered":"<p>Los referentes del radicalismo, rama\u00a0Adelante Buenos Aires, el oficialismo radical en la provincia, no acierta a confirmar una fecha para lanzarse.<\/p>\n","protected":false},"author":3,"featured_media":10587,"comment_status":"closed","ping_status":"closed","sticky":false,"template":"","format":"standard","meta":{"_monsterinsights_skip_tracking":false,"_monsterinsights_sitenote_active":false,"_monsterinsights_sitenote_note":"","_monsterinsights_sitenote_category":0,"footnotes":""},"categories":[4],"tags":[575,1904,2114,963],"class_list":["post-10586","post","type-post","status-publish","format-standard","has-post-thumbnail","hentry","category-politica","tag-abad","tag-elecciones-2023","tag-interna","tag-manes"],"_links":{"self":[{"href":"https:\/\/www.visionweb.com.ar\/index.php?rest_route=\/wp\/v2\/posts\/10586","targetHints":{"allow":["GET"]}}],"collection":[{"href":"https:\/\/www.visionweb.com.ar\/index.php?rest_route=\/wp\/v2\/posts"}],"about":[{"href":"https:\/\/www.visionweb.com.ar\/index.php?rest_route=\/wp\/v2\/types\/post"}],"author":[{"embeddable":true,"href":"https:\/\/www.visionweb.com.ar\/index.php?rest_route=\/wp\/v2\/users\/3"}],"replies":[{"embeddable":true,"href":"https:\/\/www.visionweb.com.ar\/index.php?rest_route=%2Fwp%2Fv2%2Fcomments&post=10586"}],"version-history":[{"count":1,"href":"https:\/\/www.visionweb.com.ar\/index.php?rest_route=\/wp\/v2\/posts\/10586\/revisions"}],"predecessor-version":[{"id":10588,"href":"https:\/\/www.visionweb.com.ar\/index.php?rest_route=\/wp\/v2\/posts\/10586\/revisions\/10588"}],"wp:featuredmedia":[{"embeddable":true,"href":"https:\/\/www.visionweb.com.ar\/index.php?rest_route=\/wp\/v2\/media\/10587"}],"wp:attachment":[{"href":"https:\/\/www.visionweb.com.ar\/index.php?rest_route=%2Fwp%2Fv2%2Fmedia&parent=10586"}],"wp:term":[{"taxonomy":"category","embeddable":true,"href":"https:\/\/www.visionweb.com.ar\/index.php?rest_route=%2Fwp%2Fv2%2Fcategories&post=10586"},{"taxonomy":"post_tag","embeddable":true,"href":"https:\/\/www.visionweb.com.ar\/index.php?rest_route=%2Fwp%2Fv2%2Ftags&post=10586"}],"curies":[{"name":"wp","href":"https:\/\/api.w.org\/{rel}","templated":true}]}}