{"id":10584,"date":"2023-05-11T07:41:27","date_gmt":"2023-05-11T10:41:27","guid":{"rendered":"https:\/\/www.visionweb.com.ar\/?p=10584"},"modified":"2023-05-10T19:54:51","modified_gmt":"2023-05-10T22:54:51","slug":"se-derrumba-el-poder-adquisitivo-de-los-trabajadores-informales","status":"publish","type":"post","link":"https:\/\/www.visionweb.com.ar\/?p=10584","title":{"rendered":"Se derrumba el poder adquisitivo de los trabajadores informales"},"content":{"rendered":"<p><em>\u00a0<strong>El salario ha perdido 15% de poder adquisitivo frente a la inflaci\u00f3n, mostrando en 2021, 2022 y los primeros meses de 2023<\/strong>, <strong>una aceleraci\u00f3n del ritmo inflacionario.<\/strong><\/em><!--more--><\/p>\n<p><strong><img loading=\"lazy\" decoding=\"async\" class=\"size-full wp-image-1346 alignright\" src=\"https:\/\/www.visionweb.com.ar\/wp-content\/uploads\/2021\/04\/supermercado.bmp\" alt=\"\" width=\"244\" height=\"167\" \/>U<\/strong>na familia tipo argentina con dos trabajadores en el sector privado informal obtiene\u00a0<strong>casi la mitad de los ingresos que otra con trabajos registrados formales<\/strong>\u00a0seg\u00fan un estudio realizado por el Instituto de Econom\u00eda de la Universidad Argentina de la Empresa (UADE).<\/p>\n<p>EL estudio coordinado por el economista Fausto Spotorno,\u00a0<strong>tambi\u00e9n calcul\u00f3 cu\u00e1ntos d\u00edas de trabajo se necesitaron para adquirir 9 consumos clave.\u00a0<\/strong>Para completar una Canasta B\u00e1sica Total (CBT), el consumo b\u00e1sico para no ser considerado pobre, en el sector informal se precisan los 31 d\u00edas de trabajo del mes, en tanto que, en el sector formal, 16.<\/p>\n<p>El relevamiento estima que, con los ingresos para marzo de 2023 de los hogares,\u00a0<strong>el 28,3% de la poblaci\u00f3n total no cubre la (CBA) -l\u00ednea de indigencia-, y el 69,9% no cubre la (CBT) \u2013 l\u00ednea de pobreza.<\/strong><\/p>\n<p>\u201cTeniendo en cuenta que un argentino que trabaj\u00f3 en relaci\u00f3n de dependencia en el sector privado formal tuvo un\u00a0<strong>salario neto promedio de $211.797, y en el informal el promedio de ingresos fue de $110.210, la brecha alcanza el 92%\u201d,\u00a0<\/strong>detalla el documento.<\/p>\n<p>En tanto que una\u00a0<strong>familia tipo en el sector formal tuvo un ingreso promedio de $372.273 mientras que en el sector informal $188.459<\/strong>. Aunque como una familia tipo suma un segundo ingreso un 29% menor, seg\u00fan la EPH de INDEC, la brecha aumenta al 97%.<\/p>\n<p><strong>Una pobreza anunciada<\/strong><\/p>\n<p>El estudio tambi\u00e9n midi\u00f3 la evoluci\u00f3n del \u00cdndice de Precios al Consumidor (IPC) y de la remuneraci\u00f3n promedio neta desestacionalizada, para\u00a0<strong>comparar la variaci\u00f3n del poder adquisitivo en el per\u00edodo correspondiente entre enero de 2017 y marzo de 2023<\/strong>.<\/p>\n<p>Del an\u00e1lisis de estas variables se concluye que, en t\u00e9rminos reales,\u00a0<strong>el salario ha perdido 15% de poder adquisitivo frente a la inflaci\u00f3n, mostrando en 2021, 2022 y los primeros meses de 2023<\/strong>, una aceleraci\u00f3n del ritmo inflacionario, lo que aumenta la brecha existente entre los aumentos precios y los incrementos salariales.<\/p>\n<p>\u201cDe los 75 meses considerados para este an\u00e1lisis, en 45 la inflaci\u00f3n fue m\u00e1s alta que los aumentos de los salarios, y sobre todo en 2021, 2022 y el inicio de 2023,<strong>\u00a0se observa con el aumento de la inflaci\u00f3n el aumento de la brecha.\u00a0<\/strong>Si bien tambi\u00e9n toman velocidad los aumentos de salarios, no alcanzan el ritmo de la escalada inflacionaria\u201d, indica el documento.<\/p>\n<p>Al tomar como referencia la remuneraci\u00f3n promedio neta desestacionalizada del sector formal y el ingreso promedio del sector informal en Argentina de marzo del a\u00f1o 2023, se calcul\u00f3 cu\u00e1ntos d\u00edas de trabajo se necesitaron para <strong>adquirir nueve consumos clave<\/strong>.<\/p>\n<p>Una familia tipo con dos ingresos (jefe de hogar y segundo ingreso) cuyos integrantes trabajan\u00a0<strong>en el sector informal necesitaron trabajar 14 d\u00edas para adquirir una Canasta B\u00e1sica Alimentaria.<\/strong><\/p>\n<p>Por otro lado, para cubrir la Canasta B\u00e1sica Total, necesitaron 31 d\u00edas.\u00a0<strong>Las familias con ingresos provenientes del sector privado formal necesitaron trabajar 7 d\u00edas para alcanzar una Canasta B\u00e1sica Alimentaria\u00a0<\/strong>y 16 d\u00edas para la Canasta B\u00e1sica Total, bajo el supuesto de que ambos tienen ingresos (jefe de familia y segundo ingreso).<\/p>\n<p>En marzo de 2023 pagar un alquiler promedio de tres ambientes en la Ciudad de Buenos Aires, requiri\u00f3 12 d\u00edas de trabajo para una familia tipo con dos ingresos en el hogar, provenientes ambos del sector formal, mientras que implic\u00f3 25 d\u00edas para aquellas familias con ingresos del sector informal.<\/p>\n<p>El pago de una cuota de\u00a0<strong>colegio privado secundario jornada simple para un hijo equivaldr\u00eda a cuatro d\u00edas de trabajo\u00a0<\/strong>para una familia del sector formal en la que trabajan ambos padres. Ocho d\u00edas en cambio, ser\u00edan necesarios si los padres trabajan ambos en el sector informal.<\/p>\n<p>Salida familiar (cine y comida):\u00a0<strong>el valor de una salida de una familia tipo con dos hijos en marzo de 2023 fue de $15.440, incluyendo cine y comida<\/strong>. En el sector formal, una familia con dos ingresos necesit\u00f3 trabajar 1,3 d\u00edas para poder tener una salida t\u00edpica familiar.<\/p>\n<p>Aquellas familias con un \u00fanico ingreso en cambio, necesitaron dos d\u00edas para cubrir este gasto.<\/p>\n<p>En el sector informal,\u00a0<strong>una familia con un solo ingreso necesit\u00f3 4,3 d\u00edas\u00a0<\/strong>y una familia con dos ingresos (jefe de familia e ingreso secundario) 2,5 d\u00edas<strong>(VW)<\/strong>.<\/p>\n","protected":false},"excerpt":{"rendered":"<p>\u00a0El salario ha perdido 15% de poder adquisitivo frente a la inflaci\u00f3n, mostrando en 2021, 2022 y los primeros meses de 2023, una aceleraci\u00f3n del ritmo inflacionario.<\/p>\n","protected":false},"author":3,"featured_media":545,"comment_status":"closed","ping_status":"closed","sticky":false,"template":"","format":"standard","meta":{"_monsterinsights_skip_tracking":false,"_monsterinsights_sitenote_active":false,"_monsterinsights_sitenote_note":"","_monsterinsights_sitenote_category":0,"footnotes":""},"categories":[8],"tags":[4394,930,4393,989],"class_list":["post-10584","post","type-post","status-publish","format-standard","has-post-thumbnail","hentry","category-interes-general","tag-desvalorizacion","tag-ingresos","tag-ppobreza","tag-salario"],"_links":{"self":[{"href":"https:\/\/www.visionweb.com.ar\/index.php?rest_route=\/wp\/v2\/posts\/10584","targetHints":{"allow":["GET"]}}],"collection":[{"href":"https:\/\/www.visionweb.com.ar\/index.php?rest_route=\/wp\/v2\/posts"}],"about":[{"href":"https:\/\/www.visionweb.com.ar\/index.php?rest_route=\/wp\/v2\/types\/post"}],"author":[{"embeddable":true,"href":"https:\/\/www.visionweb.com.ar\/index.php?rest_route=\/wp\/v2\/users\/3"}],"replies":[{"embeddable":true,"href":"https:\/\/www.visionweb.com.ar\/index.php?rest_route=%2Fwp%2Fv2%2Fcomments&post=10584"}],"version-history":[{"count":1,"href":"https:\/\/www.visionweb.com.ar\/index.php?rest_route=\/wp\/v2\/posts\/10584\/revisions"}],"predecessor-version":[{"id":10585,"href":"https:\/\/www.visionweb.com.ar\/index.php?rest_route=\/wp\/v2\/posts\/10584\/revisions\/10585"}],"wp:featuredmedia":[{"embeddable":true,"href":"https:\/\/www.visionweb.com.ar\/index.php?rest_route=\/wp\/v2\/media\/545"}],"wp:attachment":[{"href":"https:\/\/www.visionweb.com.ar\/index.php?rest_route=%2Fwp%2Fv2%2Fmedia&parent=10584"}],"wp:term":[{"taxonomy":"category","embeddable":true,"href":"https:\/\/www.visionweb.com.ar\/index.php?rest_route=%2Fwp%2Fv2%2Fcategories&post=10584"},{"taxonomy":"post_tag","embeddable":true,"href":"https:\/\/www.visionweb.com.ar\/index.php?rest_route=%2Fwp%2Fv2%2Ftags&post=10584"}],"curies":[{"name":"wp","href":"https:\/\/api.w.org\/{rel}","templated":true}]}}