{"id":10569,"date":"2023-05-09T10:10:32","date_gmt":"2023-05-09T13:10:32","guid":{"rendered":"https:\/\/www.visionweb.com.ar\/?p=10569"},"modified":"2023-05-08T21:07:16","modified_gmt":"2023-05-09T00:07:16","slug":"tarifas-de-luz-el-gobierno-oficializo-un-93-de-aumento-para-usuarios-de-mayores-ingresos","status":"publish","type":"post","link":"https:\/\/www.visionweb.com.ar\/?p=10569","title":{"rendered":"Tarifas de luz: El gobierno oficializ\u00f3 un 93% de aumento para usuarios de mayores ingresos"},"content":{"rendered":"<p><em><strong>Seg\u00fan las resoluciones del ENRE, publicadas en el Bolet\u00edn oficial, los nuevos cuadros tarifarios ser\u00e1n retroactivos al 1 de mayo.<\/strong> <\/em><strong><em>El incremento afectar\u00e1 a\u00a0un tercio de los usuarios del AMBA.<\/em> <\/strong><!--more--><\/p>\n<p><strong> <img loading=\"lazy\" decoding=\"async\" class=\"size-full wp-image-10570 alignleft\" src=\"https:\/\/www.visionweb.com.ar\/wp-content\/uploads\/2023\/05\/Enre.png\" alt=\"\" width=\"240\" height=\"136\" \/>\u00a0E<\/strong>l\u00a0Gobierno nacional\u00a0oficializ\u00f3 los\u00a0nuevos cuadros tarifarios\u00a0que afectar\u00e1n a un tercio de los usuarios del AMBA, mientras que la suba variar\u00e1 para el segmento medio de acuerdo al consumo; de esta forma, la medida va en consonancia al compromiso que asumi\u00f3 el Gobierno con el Fondo Monetario Internacional.<\/p>\n<p>Por otro lado, el organismo afirm\u00f3 que no habr\u00e1 cambios para los beneficiarios de la tarifa social y entidades de bien p\u00fablico.<\/p>\n<p>As\u00ed,<strong> con esta reglamentaci\u00f3n, la\u00a0tarifa media de Edesur\u00a0pasar\u00e1 a\u00a0$18,023\u00a0por kwh, y la de\u00a0Edenor\u00a0a\u00a0$18,043.<\/strong><\/p>\n<p>Seg\u00fan las resoluciones del Ente Nacional Regulador de la Electricidad (Enre) publicadas ayer lunes en el Bolet\u00edn oficial, los nuevos cuadros tarifarios tendr\u00e1n vigencia en forma retroactiva, a partir del 1\u00b0 de mayo.<\/p>\n<p>Tambi\u00e9n se establece que\u00a0<strong>los usuarios residenciales de menores ingresos (Nivel 2) no tendr\u00e1n subas\u00a0<\/strong>y se mantendr\u00e1n vigentes los precios.<\/p>\n<p>Por su parte, los\u00a0<strong>usuarios residenciales de ingresos medios (Nivel 3)\u00a0<\/strong>no sufrir\u00e1n aumentos hasta la categor\u00eda R3 (los clientes est\u00e1n divididos en categor\u00edas de acuerdo a su nivel promedio de consumo el\u00e9ctrico mensual). Sin embargo, a partir de la categor\u00eda R4 los aumentos promedio oficializados van del 5% al 70%.<\/p>\n<p>\u00abLos usuarios del Nivel 3\u00a0<strong>pagar\u00edan en promedio un 67% menos que los usuarios del Nivel 1<\/strong>, siendo este porcentaje decreciente en la medida que aumentan los consumos hasta llegar al 10% promedio\u00bb, detall\u00f3 el Enre en la Resoluci\u00f3n publicada.<\/p>\n<p>Las empresas distribuidoras deber\u00e1n destacar en las facturas que reciben los usuarios\u00a0<strong>cu\u00e1l es el monto del total que corresponden a \u00abSubsidio Estado Nacional\u00bb<\/strong>.<\/p>\n<p><strong>Usuarios no residenciales:<\/strong><\/p>\n<p>El ENRE tambi\u00e9n detall\u00f3 las subas que tendr\u00e1n los usuarios no residenciales, como comercios e industrias.<\/p>\n<ul>\n<li>Usuarios Generales G1 no tendr\u00e1n variaciones<\/li>\n<li>Usuarios Generales G2 aumentar\u00e1 8% promedio<\/li>\n<li>Usuarios Generales G3 aumentar\u00e1 un 17% promedio.<\/li>\n<\/ul>\n<p>En tanto, las facturas de los usuarios T2 aumentan en promedio un 22%; T3 Baja y Media Tensi\u00f3n aumentan en promedio entre 23% y 28%; y los GUDIS (demandas mayores a los 300 kW) aumentan en Baja Tensi\u00f3n un 42% y en Media Tensi\u00f3n un 49%.<\/p>\n<p>Estos aumentos corresponden al precio de la energ\u00eda, uno de los componentes del precio final de la factura junto con los servicios de transporte y distribuci\u00f3n y los impuestos. Y se deben a la decisi\u00f3n de que los usuarios de mayores ingresos paguen la tarifa plena, sin subsidios a partir de este mes. Uno de los puntos que form\u00f3 parte de la revisi\u00f3n del acuerdo con el Fondo Monetario Internacional (FMI).<\/p>\n<p>El resto de los usuarios, divididos en niveles de ingresos medios (Nivel 3) y de ingresos bajos (Nivel 2) seguir\u00e1n contando con una parte de su tarifa subsidiada.<\/p>\n<p>Adem\u00e1s, los<strong> usuarios de ingresos medios que excedan el tope de consumo de 400 kWh por mes tambi\u00e9n comenzar\u00e1n a pagar la tarifa plena, <\/strong>sin subsidios.<strong> (VW)<\/strong><\/p>\n<p>&nbsp;<\/p>\n","protected":false},"excerpt":{"rendered":"<p>Seg\u00fan las resoluciones del ENRE, publicadas en el Bolet\u00edn oficial, los nuevos cuadros tarifarios ser\u00e1n retroactivos al 1 de mayo. El incremento afectar\u00e1 a\u00a0un tercio de los usuarios del AMBA.<\/p>\n","protected":false},"author":4,"featured_media":10570,"comment_status":"closed","ping_status":"closed","sticky":false,"template":"","format":"standard","meta":{"_monsterinsights_skip_tracking":false,"_monsterinsights_sitenote_active":false,"_monsterinsights_sitenote_note":"","_monsterinsights_sitenote_category":0,"footnotes":""},"categories":[6,4],"tags":[4384,1297,276,952,2376],"class_list":["post-10569","post","type-post","status-publish","format-standard","has-post-thumbnail","hentry","category-economia","category-politica","tag-aumentos-de-tarifas","tag-edenor","tag-edesur","tag-enre","tag-luz"],"_links":{"self":[{"href":"https:\/\/www.visionweb.com.ar\/index.php?rest_route=\/wp\/v2\/posts\/10569","targetHints":{"allow":["GET"]}}],"collection":[{"href":"https:\/\/www.visionweb.com.ar\/index.php?rest_route=\/wp\/v2\/posts"}],"about":[{"href":"https:\/\/www.visionweb.com.ar\/index.php?rest_route=\/wp\/v2\/types\/post"}],"author":[{"embeddable":true,"href":"https:\/\/www.visionweb.com.ar\/index.php?rest_route=\/wp\/v2\/users\/4"}],"replies":[{"embeddable":true,"href":"https:\/\/www.visionweb.com.ar\/index.php?rest_route=%2Fwp%2Fv2%2Fcomments&post=10569"}],"version-history":[{"count":1,"href":"https:\/\/www.visionweb.com.ar\/index.php?rest_route=\/wp\/v2\/posts\/10569\/revisions"}],"predecessor-version":[{"id":10571,"href":"https:\/\/www.visionweb.com.ar\/index.php?rest_route=\/wp\/v2\/posts\/10569\/revisions\/10571"}],"wp:featuredmedia":[{"embeddable":true,"href":"https:\/\/www.visionweb.com.ar\/index.php?rest_route=\/wp\/v2\/media\/10570"}],"wp:attachment":[{"href":"https:\/\/www.visionweb.com.ar\/index.php?rest_route=%2Fwp%2Fv2%2Fmedia&parent=10569"}],"wp:term":[{"taxonomy":"category","embeddable":true,"href":"https:\/\/www.visionweb.com.ar\/index.php?rest_route=%2Fwp%2Fv2%2Fcategories&post=10569"},{"taxonomy":"post_tag","embeddable":true,"href":"https:\/\/www.visionweb.com.ar\/index.php?rest_route=%2Fwp%2Fv2%2Ftags&post=10569"}],"curies":[{"name":"wp","href":"https:\/\/api.w.org\/{rel}","templated":true}]}}