{"id":10557,"date":"2023-05-08T09:04:09","date_gmt":"2023-05-08T12:04:09","guid":{"rendered":"https:\/\/www.visionweb.com.ar\/?p=10557"},"modified":"2023-05-08T09:04:09","modified_gmt":"2023-05-08T12:04:09","slug":"continua-la-relocalizacion-de-familias-en-riesgo-ambiental-de-almirante-brown","status":"publish","type":"post","link":"https:\/\/www.visionweb.com.ar\/?p=10557","title":{"rendered":"Contin\u00faa la relocalizaci\u00f3n de familias en riesgo ambiental de Almirante Brown"},"content":{"rendered":"<p><strong><em>ACUMAR realiza el seguimiento del avance de las construcci\u00f3n y la verificaci\u00f3n t\u00e9cnica de las viviendas. Adem\u00e1s, lleva adelante un trabajo integral junto a la comunidad y el gobierno local.<\/em><\/strong><!--more--><\/p>\n<p><strong><img loading=\"lazy\" decoding=\"async\" class=\"size-medium wp-image-10558 alignright\" src=\"https:\/\/www.visionweb.com.ar\/wp-content\/uploads\/2023\/05\/acumar-casas-300x200.png\" alt=\"\" width=\"300\" height=\"200\" srcset=\"https:\/\/www.visionweb.com.ar\/wp-content\/uploads\/2023\/05\/acumar-casas-300x200.png 300w, https:\/\/www.visionweb.com.ar\/wp-content\/uploads\/2023\/05\/acumar-casas.png 640w\" sizes=\"auto, (max-width: 300px) 100vw, 300px\" \/>U<\/strong>n total de 51 familias que habitaban en el barrio Arroyo del Rey se mudaron al complejo Barrio Lindo en Almirante Brown, donde ya ingresaron 140 grupos familiares a fines de 2022. El proceso de mudanza, que se extendi\u00f3 entre el jueves y viernes pasado, fue realizado por el Municipio en articulaci\u00f3n con ACUMAR y cont\u00f3 con la supervisi\u00f3n de la Defensor\u00eda General de la Naci\u00f3n.<\/p>\n<p>El complejo cuenta con un sal\u00f3n de usos m\u00faltiples, un nuevo Centro de Salud y pr\u00f3ximamente se comenzar\u00e1 con la construcci\u00f3n de un polideportivo. Previo al traslado, el organismo realiz\u00f3 un taller en el que se entregaron elementos para preparar las mudanzas y un kit de limpieza para el ingreso a las nuevas viviendas.<\/p>\n<p>\u201cLas soluciones habitacionales permiten mejorar la calidad de vida de la poblaci\u00f3n de la Cuenca, as\u00ed como continuar la puesta en valor de las riberas de los arroyos y fortalecer su gesti\u00f3n ambiental\u201d, destac\u00f3 el presidente de\u00a0ACUMAR, Mart\u00edn Sabbatella.<\/p>\n<p>ACUMAR\u00a0realiza el seguimiento del avance de las construcci\u00f3n y la verificaci\u00f3n t\u00e9cnica de las viviendas. Adem\u00e1s, lleva adelante un trabajo integral junto a la comunidad y el gobierno local con el objetivo de acompa\u00f1ar a cada familia antes, durante y luego de establecidas en sus nuevos hogares de manera tal de garantizar que su adaptaci\u00f3n se desarrolle en un marco de respeto por sus derechos y que se logre una adecuada apropiaci\u00f3n del nuevo espacio.<\/p>\n<p><strong>Articulaci\u00f3n interjurisdiccional<\/strong><\/p>\n<p>ACUMAR\u00a0convoc\u00f3 a autoridades y representantes de los gobiernos de la Naci\u00f3n, Provincia y Ciudad Aut\u00f3noma de Buenos Aires, con el objetivo de conformar una mesa de gesti\u00f3n que permita fortalecer la articulaci\u00f3n y continuidad de los proyectos en materia de soluciones habitacionales y reurbanizaci\u00f3n para la poblaci\u00f3n de la Cuenca Matanza Riachuelo en condiciones de riesgo ambiental o social.<\/p>\n<p>Esta espacio entre jurisdicciones continuar\u00e1 reuni\u00e9ndose de forma peri\u00f3dica para avanzar sobre los conceptos de urbanizaci\u00f3n y reurbanizaci\u00f3n como paradigma fundamental para el ordenamiento territorial; fortalecer los canales de relaci\u00f3n con los distritos que componen la Cuenca; avanzar sobre la ejecuci\u00f3n articulada de las pol\u00edticas p\u00fablicas urbanas-ambientales; consensuar las acciones y programas, as\u00ed como crear fuentes de financiamiento exclusivas para estos proyectos.<\/p>\n","protected":false},"excerpt":{"rendered":"<p>ACUMAR realiza el seguimiento del avance de las construcci\u00f3n y la verificaci\u00f3n t\u00e9cnica de las viviendas. Adem\u00e1s, lleva adelante un trabajo integral junto a la comunidad y el gobierno local.<\/p>\n","protected":false},"author":3,"featured_media":10558,"comment_status":"closed","ping_status":"closed","sticky":false,"template":"","format":"standard","meta":{"_monsterinsights_skip_tracking":false,"_monsterinsights_sitenote_active":false,"_monsterinsights_sitenote_note":"","_monsterinsights_sitenote_category":0,"footnotes":""},"categories":[8],"tags":[],"class_list":["post-10557","post","type-post","status-publish","format-standard","has-post-thumbnail","hentry","category-interes-general"],"_links":{"self":[{"href":"https:\/\/www.visionweb.com.ar\/index.php?rest_route=\/wp\/v2\/posts\/10557","targetHints":{"allow":["GET"]}}],"collection":[{"href":"https:\/\/www.visionweb.com.ar\/index.php?rest_route=\/wp\/v2\/posts"}],"about":[{"href":"https:\/\/www.visionweb.com.ar\/index.php?rest_route=\/wp\/v2\/types\/post"}],"author":[{"embeddable":true,"href":"https:\/\/www.visionweb.com.ar\/index.php?rest_route=\/wp\/v2\/users\/3"}],"replies":[{"embeddable":true,"href":"https:\/\/www.visionweb.com.ar\/index.php?rest_route=%2Fwp%2Fv2%2Fcomments&post=10557"}],"version-history":[{"count":1,"href":"https:\/\/www.visionweb.com.ar\/index.php?rest_route=\/wp\/v2\/posts\/10557\/revisions"}],"predecessor-version":[{"id":10559,"href":"https:\/\/www.visionweb.com.ar\/index.php?rest_route=\/wp\/v2\/posts\/10557\/revisions\/10559"}],"wp:featuredmedia":[{"embeddable":true,"href":"https:\/\/www.visionweb.com.ar\/index.php?rest_route=\/wp\/v2\/media\/10558"}],"wp:attachment":[{"href":"https:\/\/www.visionweb.com.ar\/index.php?rest_route=%2Fwp%2Fv2%2Fmedia&parent=10557"}],"wp:term":[{"taxonomy":"category","embeddable":true,"href":"https:\/\/www.visionweb.com.ar\/index.php?rest_route=%2Fwp%2Fv2%2Fcategories&post=10557"},{"taxonomy":"post_tag","embeddable":true,"href":"https:\/\/www.visionweb.com.ar\/index.php?rest_route=%2Fwp%2Fv2%2Ftags&post=10557"}],"curies":[{"name":"wp","href":"https:\/\/api.w.org\/{rel}","templated":true}]}}