{"id":10548,"date":"2023-05-08T07:10:08","date_gmt":"2023-05-08T10:10:08","guid":{"rendered":"https:\/\/www.visionweb.com.ar\/?p=10548"},"modified":"2023-05-07T21:14:36","modified_gmt":"2023-05-08T00:14:36","slug":"provincia-sergio-berni-estara-con-licencia-por-cuestiones-de-salud-hasta-el-25-de-mayo","status":"publish","type":"post","link":"https:\/\/www.visionweb.com.ar\/?p=10548","title":{"rendered":"Provincia: Sergio Berni estar\u00e1 con licencia por cuestiones de salud hasta el 25 de mayo"},"content":{"rendered":"<p><em><strong>Se trata de una licencia para realizarse un tratamiento por una \u00ablesi\u00f3n en el seno maxilar\u00bb. Ser\u00e1 reemplazado por Javier Alonso y Julio Alak.<\/strong><\/em><!--more--><\/p>\n<p><strong> <img loading=\"lazy\" decoding=\"async\" class=\"size-full wp-image-10549 alignleft\" src=\"https:\/\/www.visionweb.com.ar\/wp-content\/uploads\/2023\/05\/berni.png\" alt=\"\" width=\"275\" height=\"183\" \/>\u00a0\u00a0\u00a0 M<\/strong>ediante un comunicado emitido en el mediod\u00eda de ayer domingo, se conoci\u00f3 la noticia de que el ministro de Seguridad bonaerense, Sergio Berni, estar\u00e1 con licencia hasta el 25 de mayo, para \u00abcomplementar estudios m\u00e9dicos\u00bb.<\/p>\n<p>\u00abEl Gobierno de la provincia de Buenos Aires informa que\u00a0<strong>se le otorga licencia m\u00e9dica al ministro de Seguridad, Sergio Berni, hasta el pr\u00f3ximo 25 de mayo inclusive<\/strong>, para complementar estudios m\u00e9dicos y el tratamiento correspondiente por una lesi\u00f3n en el seno maxilar\u00bb, seg\u00fan reza el documento oficial.<\/p>\n<p>La cartera, durante el tiempo en el que Berni no se encuentre en funciones, \u00a0ser\u00e1 comandada entre dos personas.<\/p>\n<p>\u00abEl subsecretario de Formaci\u00f3n y Desarrollo Profesional,\u00a0<strong>Javier Alonso<\/strong>, queda a cargo de la\u00a0<strong>coordinaci\u00f3n funcional y operativa del Ministerio<\/strong>\u00a0por el per\u00edodo que est\u00e9 licenciado el ministro. Por su parte, al ministro de Justicia y Derechos Humanos,<strong>\u00a0Julio Alak, se le asigna el despacho de los asuntos administrativos<\/strong>\u00ab.<\/p>\n<p>\u00abDe esta manera, continuamos trabajando para dar respuesta a los problemas de las y los bonaerenses a partir de la inversi\u00f3n, profesionalizaci\u00f3n y modernizaci\u00f3n de la fuerza de Seguridad de nuestra Provincia\u00bb, indic\u00f3 el comunicado difundido por el gobierno bonaerense. <strong>(VW)<\/strong><\/p>\n<p>&nbsp;<\/p>\n","protected":false},"excerpt":{"rendered":"<p>Se trata de una licencia para realizarse un tratamiento por una \u00ablesi\u00f3n en el seno maxilar\u00bb. Ser\u00e1 reemplazado por Javier Alonso y Julio Alak.<\/p>\n","protected":false},"author":4,"featured_media":10549,"comment_status":"closed","ping_status":"closed","sticky":false,"template":"","format":"standard","meta":{"_monsterinsights_skip_tracking":false,"_monsterinsights_sitenote_active":false,"_monsterinsights_sitenote_note":"","_monsterinsights_sitenote_category":0,"footnotes":""},"categories":[4],"tags":[4373,4372,4371,3013],"class_list":["post-10548","post","type-post","status-publish","format-standard","has-post-thumbnail","hentry","category-politica","tag-lesiones-en-el-seno-maxilar","tag-licencia","tag-ministro-de-seguridad-bonaerense","tag-sergio-berni"],"_links":{"self":[{"href":"https:\/\/www.visionweb.com.ar\/index.php?rest_route=\/wp\/v2\/posts\/10548","targetHints":{"allow":["GET"]}}],"collection":[{"href":"https:\/\/www.visionweb.com.ar\/index.php?rest_route=\/wp\/v2\/posts"}],"about":[{"href":"https:\/\/www.visionweb.com.ar\/index.php?rest_route=\/wp\/v2\/types\/post"}],"author":[{"embeddable":true,"href":"https:\/\/www.visionweb.com.ar\/index.php?rest_route=\/wp\/v2\/users\/4"}],"replies":[{"embeddable":true,"href":"https:\/\/www.visionweb.com.ar\/index.php?rest_route=%2Fwp%2Fv2%2Fcomments&post=10548"}],"version-history":[{"count":1,"href":"https:\/\/www.visionweb.com.ar\/index.php?rest_route=\/wp\/v2\/posts\/10548\/revisions"}],"predecessor-version":[{"id":10550,"href":"https:\/\/www.visionweb.com.ar\/index.php?rest_route=\/wp\/v2\/posts\/10548\/revisions\/10550"}],"wp:featuredmedia":[{"embeddable":true,"href":"https:\/\/www.visionweb.com.ar\/index.php?rest_route=\/wp\/v2\/media\/10549"}],"wp:attachment":[{"href":"https:\/\/www.visionweb.com.ar\/index.php?rest_route=%2Fwp%2Fv2%2Fmedia&parent=10548"}],"wp:term":[{"taxonomy":"category","embeddable":true,"href":"https:\/\/www.visionweb.com.ar\/index.php?rest_route=%2Fwp%2Fv2%2Fcategories&post=10548"},{"taxonomy":"post_tag","embeddable":true,"href":"https:\/\/www.visionweb.com.ar\/index.php?rest_route=%2Fwp%2Fv2%2Ftags&post=10548"}],"curies":[{"name":"wp","href":"https:\/\/api.w.org\/{rel}","templated":true}]}}