{"id":10545,"date":"2023-05-09T09:56:14","date_gmt":"2023-05-09T12:56:14","guid":{"rendered":"https:\/\/www.visionweb.com.ar\/?p=10545"},"modified":"2023-05-07T12:10:53","modified_gmt":"2023-05-07T15:10:53","slug":"trabajo-la-ministra-participo-en-una-jornada-sobre-economia-social","status":"publish","type":"post","link":"https:\/\/www.visionweb.com.ar\/?p=10545","title":{"rendered":"Trabajo: La Ministra particip\u00f3 en una jornada sobre econom\u00eda social"},"content":{"rendered":"<p><em><strong>Fue en el municipio de Almirante Brown. En la reuni\u00f3n se destac\u00f3<\/strong> la tarea que se lleva adelante en el Municipio para el crecimiento del sector, por ejemplo, con el Centro de Desarrollo Productivo Incuba Brown.<\/em>, <!--more--><\/p>\n<p>Con la presencia de la ministra de Trabajo de la Naci\u00f3n, Raquel \u00abKelly\u00bb, se realiz\u00f3 d\u00edas pasados, una jornada de di\u00e1logo y articulaci\u00f3n entre los sectores de la econom\u00eda social y popular, promovida por la Federaci\u00f3n Uni\u00f3n Nacional de Cooperativas Argentinas de Trabajo (FUNCAT) y la Confederaci\u00f3n Argentina de Trabajadores Cooperativos Asociados (CONARCOOP).<\/p>\n<p style=\"font-weight: 400;\">Del encuentro, adem\u00e1s de la funcionaria nacional particparon el diputado provincial Mariano Cascallares y el intendente de Almirante Brown, Juan Fabiani, adem\u00e1s de dirigentes de la econom\u00eda social.<\/p>\n<p style=\"font-weight: 400;\">En el encuentro, que tuvo lugar en el Centro de Formaci\u00f3n Profesional e Innovaci\u00f3n Productiva del Parque Industrial de Burzaco, se promovi\u00f3 la articulaci\u00f3n entre los actores de la econom\u00eda social y popular con la econom\u00eda formal con los sectores p\u00fablico y privado.<\/p>\n<p style=\"font-weight: 400;\">En tanto, se destac\u00f3 el acompa\u00f1amiento del Estado Nacional, el Provincial y el Municipal para la construcci\u00f3n de pol\u00edticas p\u00fablicas que empoderen la labor que llevan adelante los trabajadores autogestionados, ampliando sus derechos, en un proyecto de pa\u00eds que contenga a todos los argentinos y argentinas para que vivan con la dignidad del trabajo.<\/p>\n<p style=\"font-weight: 400;\">De la reuni\u00f3n participaron presidente de CONARCOOP, Ramiro Mart\u00ednez, el titular de FUNCAT, Martin Villalba, el Presidente del INAES Alexandre Roig y el Coordinador de Roles y Actores de la Econom\u00eda Social y Popular del Ministerio de Desarrollo de la Naci\u00f3n, Juli\u00e1n Aceituno, quienes frente a una nutrida concurrencia de cooperativistas e\u00a0\u00a0industriales de toda la regi\u00f3n \u2013entre otros- expusieron respecto del \u201cTrabajo Digno en el marco de la Econom\u00eda Social y Popular\u201d.<\/p>\n<p style=\"font-weight: 400;\">En este sentido, Villalba destac\u00f3 al cooperativismo como el mejor modelo de inclusi\u00f3n social, que genera trabajo genuino y sustentable. Mientras, que Ram\u00edrez se refiri\u00f3 a la necesidad de reconocer el accionar de dicho sector productivo, que sigue construyendo pese a la actual coyuntura econ\u00f3mica.<\/p>\n<p style=\"font-weight: 400;\">En la ocasi\u00f3n, Cascallares subray\u00f3 el enorme trabajo del INAES que promueve el desarrollo y fomenta la acci\u00f3n cooperativa y mutual, brindando asistencia t\u00e9cnica y econ\u00f3mica.<\/p>\n<p style=\"font-weight: 400;\">Asimismo, hizo hincapi\u00e9 en la tarea que se lleva adelante en el Municipio para el crecimiento del sector, por ejemplo, con el Centro de Desarrollo Productivo Incuba Brown, donde adem\u00e1s de capacitarse los y las vecinas tienen un espacio de comercializaci\u00f3n.<\/p>\n<p style=\"font-weight: 400;\">En tanto inst\u00f3: \u201cEl Estado tiene que ser socio de las cooperativas\u201d, y puso como referencia la articulaci\u00f3n de la comuna de Almirante Brown con las y los trabajadores de la econom\u00eda social y popular, quienes no solo proveen algunos elementos para la actividad municipal (por ejemplo bolsas para residuos) sino llevan adelante obras edilicias en escuelas y otros sectores del distrito.<\/p>\n<p style=\"font-weight: 400;\">Por su parte, Fabiani renov\u00f3 el compromiso del Municipio de seguir acompa\u00f1ando, y apostando por la econom\u00eda social y popular, cuyo trabajo de calidad merece un reconocimiento.<\/p>\n<p style=\"font-weight: 400;\">Por \u00faltimo, la ministra no solo destac\u00f3 la importancia de generar estos \u00e1mbitos de di\u00e1logo en pos del desarrollo del sector, sino se refiri\u00f3 a la lucha por la democracia social que se afirma y sostiene en los derechos de las y los trabajadores.<\/p>\n<p style=\"font-weight: 400;\">En este sentido hizo hincapi\u00e9 en la tarea del Estado en las conquistas alcanzadas a trav\u00e9s de los a\u00f1os, en el camino de la inclusi\u00f3n laboral, en la igualdad de oportunidades, con pol\u00edticas que transformen la experiencia de vida que cada trabajador o trabajadora desarrolla en la\u00a0\u00a0comunidad.<\/p>\n<p style=\"font-weight: 400;\">Participaron de la jornada el secretario de Producci\u00f3n y Formaci\u00f3n Profesional, Federico Sassone, la secretaria de Desarrollo y Seguridad Social, B\u00e1rbara Mi\u00f1\u00e1n, el Subsecretario de Agencia de Empleo y Formaci\u00f3n Profesional, Santiago Paolinelli y Anal\u00eda De Bernardis, entre otros integrantes de FUNCAT.<\/p>\n<p style=\"font-weight: 400;\">Tambi\u00e9n formaron parte del encuentro el secretario de Cooperativas Agr\u00edcolas de Brasil, Milton Fornacieri, el presidente de la Uni\u00f3n Industrial de Almirante Brown, Miguel \u00c1ngel Rodr\u00edguez; el secretario general de Jer\u00e1rquicos de AFIP, Julio Est\u00e9vez, el secretario de Formaci\u00f3n de la Uni\u00f3n de Trabajadores y Trabajadoras de la Econom\u00eda Popular (UTEP), Jos\u00e9 Ruiz D\u00edaz, adem\u00e1s de representantes de la Mutual Mario Cafiero y del Patronato de Liberados, entre otros<strong>(VW)<\/strong>.<\/p>\n<p style=\"font-weight: 400;\">\n","protected":false},"excerpt":{"rendered":"<p>Fue en el municipio de Almirante Brown. En la reuni\u00f3n se destac\u00f3 la tarea que se lleva adelante en el Municipio para el crecimiento del sector, por ejemplo, con el Centro de Desarrollo Productivo&#46;&#46;&#46;<\/p>\n","protected":false},"author":3,"featured_media":10546,"comment_status":"closed","ping_status":"closed","sticky":false,"template":"","format":"standard","meta":{"_monsterinsights_skip_tracking":false,"_monsterinsights_sitenote_active":false,"_monsterinsights_sitenote_note":"","_monsterinsights_sitenote_category":0,"footnotes":""},"categories":[4],"tags":[],"class_list":["post-10545","post","type-post","status-publish","format-standard","has-post-thumbnail","hentry","category-politica"],"_links":{"self":[{"href":"https:\/\/www.visionweb.com.ar\/index.php?rest_route=\/wp\/v2\/posts\/10545","targetHints":{"allow":["GET"]}}],"collection":[{"href":"https:\/\/www.visionweb.com.ar\/index.php?rest_route=\/wp\/v2\/posts"}],"about":[{"href":"https:\/\/www.visionweb.com.ar\/index.php?rest_route=\/wp\/v2\/types\/post"}],"author":[{"embeddable":true,"href":"https:\/\/www.visionweb.com.ar\/index.php?rest_route=\/wp\/v2\/users\/3"}],"replies":[{"embeddable":true,"href":"https:\/\/www.visionweb.com.ar\/index.php?rest_route=%2Fwp%2Fv2%2Fcomments&post=10545"}],"version-history":[{"count":1,"href":"https:\/\/www.visionweb.com.ar\/index.php?rest_route=\/wp\/v2\/posts\/10545\/revisions"}],"predecessor-version":[{"id":10547,"href":"https:\/\/www.visionweb.com.ar\/index.php?rest_route=\/wp\/v2\/posts\/10545\/revisions\/10547"}],"wp:featuredmedia":[{"embeddable":true,"href":"https:\/\/www.visionweb.com.ar\/index.php?rest_route=\/wp\/v2\/media\/10546"}],"wp:attachment":[{"href":"https:\/\/www.visionweb.com.ar\/index.php?rest_route=%2Fwp%2Fv2%2Fmedia&parent=10545"}],"wp:term":[{"taxonomy":"category","embeddable":true,"href":"https:\/\/www.visionweb.com.ar\/index.php?rest_route=%2Fwp%2Fv2%2Fcategories&post=10545"},{"taxonomy":"post_tag","embeddable":true,"href":"https:\/\/www.visionweb.com.ar\/index.php?rest_route=%2Fwp%2Fv2%2Ftags&post=10545"}],"curies":[{"name":"wp","href":"https:\/\/api.w.org\/{rel}","templated":true}]}}