{"id":10543,"date":"2023-05-08T09:46:20","date_gmt":"2023-05-08T12:46:20","guid":{"rendered":"https:\/\/www.visionweb.com.ar\/?p=10543"},"modified":"2023-05-07T09:55:23","modified_gmt":"2023-05-07T12:55:23","slug":"el-plan-provincial-para-promover-el-empleo-joven","status":"publish","type":"post","link":"https:\/\/www.visionweb.com.ar\/?p=10543","title":{"rendered":"El Plan Provincial para promover el empleo joven"},"content":{"rendered":"<p><em><strong>Las precisiones se conocieron el viernbes \u00faltimo. Apunta a la creaci\u00f3n de puestos de trabajop genuino para los j\u00f3venes.<\/strong><\/em> <!--more--><\/p>\n<p><img loading=\"lazy\" decoding=\"async\" class=\"size-full wp-image-6035 alignright\" src=\"https:\/\/www.visionweb.com.ar\/wp-content\/uploads\/2022\/06\/cursos-trabajo.bmp\" alt=\"\" width=\"544\" height=\"412\" \/>El Gobierno de la provincia de Buenos Aires\u00a0<strong>oficializ\u00f3 el viernes\u00a0 \u00faltimo\u00a0 la creaci\u00f3n del R\u00e9gimen Provincial de Promoci\u00f3n de Empleo Joven<\/strong>, que tiene como beneficiarios a j\u00f3venes de entre 18 y 25 a\u00f1os, y busca mejorar las condiciones de contrataci\u00f3n y lograr mayor estabilidad laboral.<\/p>\n<p>La iniciativa <strong>tendr\u00e1 por objeto \u201cla creaci\u00f3n de puestos de trabajo genuino y registrado para j\u00f3venes de la provincia de Buenos Aires, promoviendo su inserci\u00f3n y facilitando su acceso al sistema laboral<\/strong>\u201c, seg\u00fan determina el art\u00edculo 2 de la Ley 15.431 publicada hoy en el Bolet\u00edn Oficial.<\/p>\n<p>La normativa propone\u00a0<strong>dos modalidades<\/strong>, por un lado, un programa de \u201cEntrenamiento para el trabajo\u201d, que tendr\u00e1 una carga horaria de entre 4 y 8 horas diarias por 12 meses y no podr\u00e1 ser renovable; y, por otro, un programa de \u201cInserci\u00f3n Laboral\u201d, que tendr\u00e1 la opci\u00f3n de renovar por una \u00fanica vez.<\/p>\n<p>Entre las finalidades del programa, la norma detalla los objetivos de \u201cpromover el acceso de los j\u00f3venes a un empleo digno, formal y registrado, reduciendo las tasas de desocupaci\u00f3n, subocupaci\u00f3n e informalidad; procurar la adaptabilidad de la oferta laboral a las necesidades y requerimientos del sistema productivo; garantizar la transparencia de las acciones implementadas a trav\u00e9s de la instrumentaci\u00f3n de un sistema de evaluaci\u00f3n, control y seguimiento\u201d.<\/p>\n<p>Tambi\u00e9n propone \u201ccrear un r\u00e9gimen de\u00a0<strong>incentivos que propenda a la contrataci\u00f3n de j\u00f3venes en relaci\u00f3n de dependencia y con estabilidad laboral<\/strong>, y coadyuvar a la eliminaci\u00f3n de la pobreza fomentando procesos de movilizaci\u00f3n social ascendente\u201d.<\/p>\n<p><strong>La Ley est\u00e1 dirigida a personas que tengan entre 18 y 25 a\u00f1os, inclusive y que residan, por un plazo no menor de dos a\u00f1os, en la provincia de Buenos Aires.<\/strong><\/p>\n<p>Adem\u00e1s,\u00a0<strong>apunta a aquellos \u201cque hayan finalizado el nivel de educaci\u00f3n primario y acrediten la regularidad del nivel secundario<\/strong>, mediante la presentaci\u00f3n de certificado de alumno regular, por el lapso que establezca la reglamentaci\u00f3n\u201d y que \u201cno cuenten con empleo formal registrado al momento de la contrataci\u00f3n\u201d.<\/p>\n<p>Entre los\u00a0<strong>beneficios para el empleador<\/strong>, la Ley dice que quienes opten por acogerse al R\u00e9gimen recibir\u00e1n beneficios; en el caso del programa de \u201cEntrenamiento para el trabajo\u201d, el Estado Provincial abonar\u00e1 al beneficiario una suma dineraria equivalente al 75% de un Salario M\u00ednimo Vital y M\u00f3vil y realizar\u00e1 las contribuciones obligatorias a los subsistemas de la seguridad social.<\/p>\n<p>Para el caso del programa de \u201cInserci\u00f3n Laboral\u201d, el empleador recibir\u00e1 \u201cun bono de cr\u00e9dito fiscal, intransferible, deducible de impuestos provinciales equivalente al 100% de las contribuciones a los diferentes subsistemas de la seguridad social que \u00e9ste realice por cada trabajador contratado contemplado en el R\u00e9gimen\u201d.<\/p>\n<p>Asimismo, en su art\u00edculo 12 define la\u00a0<strong>creaci\u00f3n del \u201cFondo Provincial de Promoci\u00f3n de Empleo Joven\u201d<\/strong>, destinado a la implementaci\u00f3n y financiamiento del R\u00e9gimen, el cual, explica, \u201cse integrar\u00e1 por los recursos que anualmente se asignen mediante la ley de presupuesto; los ingresos por sanciones o penalidades derivadas del incumplimiento de la presente Ley que la reglamentaci\u00f3n determine\u201d.<\/p>\n<p>Tambi\u00e9n se financiar\u00e1 por ingresos por legados o donaciones y por los fondos provistos por organismos internacionales, nacionales u organizaciones no gubernamentales<strong>(VW)<\/strong>.<\/p>\n","protected":false},"excerpt":{"rendered":"<p>Las precisiones se conocieron el viernbes \u00faltimo. Apunta a la creaci\u00f3n de puestos de trabajop genuino para los j\u00f3venes.<\/p>\n","protected":false},"author":3,"featured_media":6035,"comment_status":"closed","ping_status":"closed","sticky":false,"template":"","format":"standard","meta":{"_monsterinsights_skip_tracking":false,"_monsterinsights_sitenote_active":false,"_monsterinsights_sitenote_note":"","_monsterinsights_sitenote_category":0,"footnotes":""},"categories":[749,5],"tags":[4369,2000,663,4370],"class_list":["post-10543","post","type-post","status-publish","format-standard","has-post-thumbnail","hentry","category-pymes","category-sociedad","tag-beneficios","tag-empleo","tag-empresas","tag-joven"],"_links":{"self":[{"href":"https:\/\/www.visionweb.com.ar\/index.php?rest_route=\/wp\/v2\/posts\/10543","targetHints":{"allow":["GET"]}}],"collection":[{"href":"https:\/\/www.visionweb.com.ar\/index.php?rest_route=\/wp\/v2\/posts"}],"about":[{"href":"https:\/\/www.visionweb.com.ar\/index.php?rest_route=\/wp\/v2\/types\/post"}],"author":[{"embeddable":true,"href":"https:\/\/www.visionweb.com.ar\/index.php?rest_route=\/wp\/v2\/users\/3"}],"replies":[{"embeddable":true,"href":"https:\/\/www.visionweb.com.ar\/index.php?rest_route=%2Fwp%2Fv2%2Fcomments&post=10543"}],"version-history":[{"count":1,"href":"https:\/\/www.visionweb.com.ar\/index.php?rest_route=\/wp\/v2\/posts\/10543\/revisions"}],"predecessor-version":[{"id":10544,"href":"https:\/\/www.visionweb.com.ar\/index.php?rest_route=\/wp\/v2\/posts\/10543\/revisions\/10544"}],"wp:featuredmedia":[{"embeddable":true,"href":"https:\/\/www.visionweb.com.ar\/index.php?rest_route=\/wp\/v2\/media\/6035"}],"wp:attachment":[{"href":"https:\/\/www.visionweb.com.ar\/index.php?rest_route=%2Fwp%2Fv2%2Fmedia&parent=10543"}],"wp:term":[{"taxonomy":"category","embeddable":true,"href":"https:\/\/www.visionweb.com.ar\/index.php?rest_route=%2Fwp%2Fv2%2Fcategories&post=10543"},{"taxonomy":"post_tag","embeddable":true,"href":"https:\/\/www.visionweb.com.ar\/index.php?rest_route=%2Fwp%2Fv2%2Ftags&post=10543"}],"curies":[{"name":"wp","href":"https:\/\/api.w.org\/{rel}","templated":true}]}}