{"id":10540,"date":"2023-05-05T13:00:20","date_gmt":"2023-05-05T16:00:20","guid":{"rendered":"https:\/\/www.visionweb.com.ar\/?p=10540"},"modified":"2023-05-05T13:00:20","modified_gmt":"2023-05-05T16:00:20","slug":"covid-19-la-oms-declaro-el-fin-de-la-emergencia-internacional-sanitaria","status":"publish","type":"post","link":"https:\/\/www.visionweb.com.ar\/?p=10540","title":{"rendered":"COVID-19: La OMS declar\u00f3 el fin de la emergencia internacional sanitaria"},"content":{"rendered":"<p><em><strong>La noticia fue comunicada esta ma\u00f1ana por los miembros de la Organizaci\u00f3n Mundial de la Salud. Ahora se inicia una fase end\u00e9mica y los cuidados por contagios deben continuar.<\/strong><\/em><!--more--><\/p>\n<div id=\"attachment_10541\" style=\"width: 263px\" class=\"wp-caption alignright\"><img loading=\"lazy\" decoding=\"async\" aria-describedby=\"caption-attachment-10541\" class=\"wp-image-10541 size-full\" src=\"https:\/\/www.visionweb.com.ar\/wp-content\/uploads\/2023\/05\/oms-covid.png\" alt=\"\" width=\"253\" height=\"128\" \/><p id=\"caption-attachment-10541\" class=\"wp-caption-text\">Director general de la OMS, Tedros Adhanom Ghebreyesus. Foto: internet<\/p><\/div>\n<p><strong> \u00a0 L<\/strong>uego de m\u00e1s de tres a\u00f1os,\u00a0<strong>la Organizaci\u00f3n Mundial de la Salud (OMS) puso fin este viernes, a la emergencia internacional por la pandemia del Covid-19<\/strong>, ante la notable reducci\u00f3n de casos graves y fallecimientos a nivel global.<\/p>\n<p>La decisi\u00f3n fue anunciada esta ma\u00f1ana por el director general de la OMS, Tedros Adhanom Ghebreyesus, despu\u00e9s de que ayer jueves se reuniera el comit\u00e9 de emergencia del organismo para analizar la actual situaci\u00f3n de la pandemia.<\/p>\n<p>La pandemia del coronavirus, que estaba declarada desde el 30 de enero de 2020, afect\u00f3 al menos a 765 millones de personas y caus\u00f3 la\u00a0<strong>muerte de unos 20 millones de habitantes en todo el mundo<\/strong>.<\/p>\n<p>De acuerdo a la resoluci\u00f3n del organismo, se levanta\u00a0la Emergencia de Salud P\u00fablica de Inter\u00e9s Internacional (PHEIC, por sus iniciales en ingl\u00e9s), que representa el m\u00e1ximo nivel de alerta que decreta la OMS.<\/p>\n<p>Aunque esto <strong>no<\/strong> <strong>indica<\/strong> <strong>el<\/strong> <strong>final<\/strong> <strong>del<\/strong> <strong>virus<\/strong>, equivale a que la situaci\u00f3n ha dejado de ser aguda.<\/p>\n<p>El director general de la OMS tom\u00f3 la decisi\u00f3n de poner fin a la PHEIC siguiendo las recomendaciones del Comit\u00e9 de Emergencia, un grupo de expertos que se re\u00fane cada tres meses desde el comienzo de la pandemia.<\/p>\n<p>En las diez \u00faltimas semanas, las cifras de mortalidad han estado\u00a0en sus niveles m\u00e1s bajos desde marzo de 2020. Aun as\u00ed, se ha registrado una media de 8.500 muertes diarias por covid en el mundo desde principios de abril.<\/p>\n<p>En la \u00faltima semana de abril,<strong>\u00a0la OMS confirm\u00f3 630.000 casos en el mundo y 3.500 muertes<\/strong>, cuando en enero se superaban los 1,3 millones de positivos y los 14.000 fallecidos. Gran parte de esos casos eran por la ola en China.<\/p>\n<p><strong>La OMS alert\u00f3 que este cambio en la situaci\u00f3n no significa que no puedan surgir nuevas variantes m\u00e1s contagiosas o virulentas en el futuro. Es por eso que insiste en continuar con el proceso de vacunaci\u00f3n.\u00a0<\/strong><\/p>\n<p>En argentina: Despu\u00e9s de varios meses de indefinici\u00f3n sobre c\u00f3mo seguir con la campa\u00f1a en el pa\u00eds, el Gobierno nacional inform\u00f3 finalmente esta semana qui\u00e9nes deben seguir vacun\u00e1ndose y cada cu\u00e1nto tiempo. <strong>(VW)<\/strong><\/p>\n<p>&nbsp;<\/p>\n","protected":false},"excerpt":{"rendered":"<p>La noticia fue comunicada esta ma\u00f1ana por los miembros de la Organizaci\u00f3n Mundial de la Salud. Ahora se inicia una fase end\u00e9mica y los cuidados por contagios deben continuar.<\/p>\n","protected":false},"author":4,"featured_media":10541,"comment_status":"closed","ping_status":"closed","sticky":false,"template":"","format":"standard","meta":{"_monsterinsights_skip_tracking":false,"_monsterinsights_sitenote_active":false,"_monsterinsights_sitenote_note":"","_monsterinsights_sitenote_category":0,"footnotes":""},"categories":[8],"tags":[35,4368,1442],"class_list":["post-10540","post","type-post","status-publish","format-standard","has-post-thumbnail","hentry","category-interes-general","tag-covid-19","tag-fin-de-emergencia-internacional","tag-oms"],"_links":{"self":[{"href":"https:\/\/www.visionweb.com.ar\/index.php?rest_route=\/wp\/v2\/posts\/10540","targetHints":{"allow":["GET"]}}],"collection":[{"href":"https:\/\/www.visionweb.com.ar\/index.php?rest_route=\/wp\/v2\/posts"}],"about":[{"href":"https:\/\/www.visionweb.com.ar\/index.php?rest_route=\/wp\/v2\/types\/post"}],"author":[{"embeddable":true,"href":"https:\/\/www.visionweb.com.ar\/index.php?rest_route=\/wp\/v2\/users\/4"}],"replies":[{"embeddable":true,"href":"https:\/\/www.visionweb.com.ar\/index.php?rest_route=%2Fwp%2Fv2%2Fcomments&post=10540"}],"version-history":[{"count":1,"href":"https:\/\/www.visionweb.com.ar\/index.php?rest_route=\/wp\/v2\/posts\/10540\/revisions"}],"predecessor-version":[{"id":10542,"href":"https:\/\/www.visionweb.com.ar\/index.php?rest_route=\/wp\/v2\/posts\/10540\/revisions\/10542"}],"wp:featuredmedia":[{"embeddable":true,"href":"https:\/\/www.visionweb.com.ar\/index.php?rest_route=\/wp\/v2\/media\/10541"}],"wp:attachment":[{"href":"https:\/\/www.visionweb.com.ar\/index.php?rest_route=%2Fwp%2Fv2%2Fmedia&parent=10540"}],"wp:term":[{"taxonomy":"category","embeddable":true,"href":"https:\/\/www.visionweb.com.ar\/index.php?rest_route=%2Fwp%2Fv2%2Fcategories&post=10540"},{"taxonomy":"post_tag","embeddable":true,"href":"https:\/\/www.visionweb.com.ar\/index.php?rest_route=%2Fwp%2Fv2%2Ftags&post=10540"}],"curies":[{"name":"wp","href":"https:\/\/api.w.org\/{rel}","templated":true}]}}