{"id":10534,"date":"2023-05-05T10:26:08","date_gmt":"2023-05-05T13:26:08","guid":{"rendered":"https:\/\/www.visionweb.com.ar\/?p=10534"},"modified":"2023-05-05T10:26:08","modified_gmt":"2023-05-05T13:26:08","slug":"pro-vidal-anuncio-que-no-sera-precandidata-a-la-presidencia","status":"publish","type":"post","link":"https:\/\/www.visionweb.com.ar\/?p=10534","title":{"rendered":"PRO: Vidal anunci\u00f3 que no ser\u00e1 precandidata a la presidencia"},"content":{"rendered":"<p><strong><em>En un mensaje en las redes, Vidal expres\u00f3 su declinaci\u00f3n: \u201cEstoy convencida que es fundamental que los argentinos conf\u00eden en que Juntos por el Cambio es la salida\u201d. Los proyectos individuales no pueden estar por encima del conjunto\u201d.<\/em><\/strong><!--more--><\/p>\n<p><strong> <img loading=\"lazy\" decoding=\"async\" class=\"size-full wp-image-10535 alignleft\" src=\"https:\/\/www.visionweb.com.ar\/wp-content\/uploads\/2023\/05\/Vidal.png\" alt=\"\" width=\"194\" height=\"259\" \/>\u00a0 L<\/strong>a diputada nacional del PRO Mar\u00eda Eugenia Vidal oficializ\u00f3 anoche que\u00a0<strong>no ser\u00e1 precandidata a presidenta por Juntos por el Cambio<\/strong>, mediante un mensaje que difundi\u00f3 a trav\u00e9s de sus redes sociales, en el cual afirm\u00f3 que tom\u00f3 la decisi\u00f3n priorizando la unidad del espacio.<\/p>\n<p>En consecuencia y en l\u00ednea, los postulantes a la primera magistratura por el PRO, son Patricia Bullrich y Horacio Rodr\u00edguez Larreta.<\/p>\n<p>En su mensaje, Vidal sostuvo que: \u201cEstoy convencida que es fundamental que los argentinos conf\u00eden en que Juntos por el Cambio es la salida.\u00a0<strong>Es el \u00fanico espacio pol\u00edtico con el equipo y la experiencia necesaria para sacar el pa\u00eds adelante.\u00a0<\/strong>S\u00e9 que las m\u00faltiples candidaturas s\u00f3lo generan divisi\u00f3n e incertidumbre. Los proyectos individuales no pueden estar por encima del conjunto\u201d.<\/p>\n<p>\u201cHace un a\u00f1o y medio que recorro el pa\u00eds y, si bien estoy orgullosa del potencial que tiene nuestra Argentina y del empuje de su gente, no puedo ignorar la angustia, el miedo y la tristeza que me transmiten en cada provincia.\u00a0<strong>Paraliza la inflaci\u00f3n, asusta la inseguridad, aturden las malas noticias, da temor el futuro\u00a0<\/strong>porque el gobierno no da confianza\u201d, indic\u00f3 Vidal.<\/p>\n<p>\u201c\u00b4No se peleen\u00b4, \u00b4Est\u00e9n unidos\u00b4, me dijeron en cada recorrida. Por eso, porque los escuch\u00e9 y porque los entiendo, decid\u00ed que esta vez no voy a ser candidata a Presidenta de la Naci\u00f3n. \u00c9sta, como cada decisi\u00f3n de mi carrera pol\u00edtica fue tomada en la calle, no detr\u00e1s de un escritorio.\u00a0<strong>Decid\u00ed escuchando a los que quieren educarse para progresar, a los que eligen libertad y no sometimiento, a los que trabajan y a los que dan trabajo.\u00a0<\/strong>Decid\u00ed recorriendo y planificando el futuro que quiero para mi pa\u00eds\u201d, subray\u00f3 la ex gobernadora de Buenos Aires.<\/p>\n<p>Algunos sectores del PRO impulsan a Vidal como una posible\u00a0<strong>candidata para volver a la ciudad de Buenos Aires,\u00a0<\/strong>aunque cabe mencionar que el ex presidente Mauricio Macri y Patricia Bullrich, quieren que el postulante porte\u00f1o sea Jorge Macri.<\/p>\n<p>Si bien\u00a0<strong>Vidal no se refiri\u00f3 p\u00fablicamente a esa posibilidad<\/strong>, la versi\u00f3n hab\u00eda tomado fuerza cuando d\u00edas atr\u00e1s dijo que estaba dispuesta a aportar donde fuera necesaria para el partido.<\/p>\n<p>Qu\u00e9 dijeron desde el PRO:<\/p>\n<p><strong>Mauricio Macri<\/strong>, fundador y l\u00edder del espacio, a trav\u00e9s de sus redes sociales, le expres\u00f3 su \u00abrespeto desde siempre por tu integridad, tu valent\u00eda y tu lealtad a las personas y a las ideas\u00bb.<\/p>\n<p>Por su parte, el jefe de Gobierno porte\u00f1o,<strong>\u00a0Horacio Rodr\u00edguez Larreta<\/strong>, que hab\u00eda sido duramente cuestionado por Vidal por su decisi\u00f3n de desdoblar las elecciones, destac\u00f3: \u00abAntes que una fuerza pol\u00edtica somos un equipo que viene trabajando junto a millones de argentinos detr\u00e1s de un mismo sue\u00f1o: cambiar la Argentina para siempre. Maria Eugenia forma parte fundamental de este proyecto colectivo desde hace veinte a\u00f1os con un compromiso inagotable\u00bb, dijo.<\/p>\n<p>El diputado y precandidato a gobernador bonaerense,\u00a0<strong>Cristian Ritondo, <\/strong>expres\u00f3 estar convencido \u00abque el desaf\u00edo es a\u00fan mayor que en 2015\u00bb y marc\u00f3 que es necesario \u00abponer toda nuestra experiencia y ganas en dar las batallas para frenar al populismo. Te conozco Mariu, aprend\u00ed mucho de vos. Sos una leona, guerrera, l\u00edder. Te voy a acompa\u00f1ar en todas tus decisiones. Gracias\u00bb.<\/p>\n<p>Mientras tanto, Patricia Bullrich, destac\u00f3 que \u00abella hizo una campa\u00f1a para recorrer el pa\u00eds, quiz\u00e1s para ganar un poco de confianza despu\u00e9s de la elecci\u00f3n de la Ciudad\u00bb.<\/p>\n<p>\u201cHay que mirar la gente para entender lo que est\u00e1 pasando. Y la verdad que nosotros tenemos un term\u00f3metro muy fuerte porque nos valoran cada vez m\u00e1s el coraje y la decisi\u00f3n de ir de frente, de decir la verdad y lo que vamos a hacer\u201d, dijo Bullrich. <strong>(VW)<\/strong><\/p>\n<p>&nbsp;<\/p>\n","protected":false},"excerpt":{"rendered":"<p>En un mensaje en las redes, Vidal expres\u00f3 su declinaci\u00f3n: \u201cEstoy convencida que es fundamental que los argentinos conf\u00eden en que Juntos por el Cambio es la salida\u201d. Los proyectos individuales no pueden estar&#46;&#46;&#46;<\/p>\n","protected":false},"author":4,"featured_media":10535,"comment_status":"closed","ping_status":"closed","sticky":false,"template":"","format":"standard","meta":{"_monsterinsights_skip_tracking":false,"_monsterinsights_sitenote_active":false,"_monsterinsights_sitenote_note":"","_monsterinsights_sitenote_category":0,"footnotes":""},"categories":[4],"tags":[4363,545,4364],"class_list":["post-10534","post","type-post","status-publish","format-standard","has-post-thumbnail","hentry","category-politica","tag-maria-eugenia-vidal","tag-pro","tag-se-bajode-precandidatura-presidencial"],"_links":{"self":[{"href":"https:\/\/www.visionweb.com.ar\/index.php?rest_route=\/wp\/v2\/posts\/10534","targetHints":{"allow":["GET"]}}],"collection":[{"href":"https:\/\/www.visionweb.com.ar\/index.php?rest_route=\/wp\/v2\/posts"}],"about":[{"href":"https:\/\/www.visionweb.com.ar\/index.php?rest_route=\/wp\/v2\/types\/post"}],"author":[{"embeddable":true,"href":"https:\/\/www.visionweb.com.ar\/index.php?rest_route=\/wp\/v2\/users\/4"}],"replies":[{"embeddable":true,"href":"https:\/\/www.visionweb.com.ar\/index.php?rest_route=%2Fwp%2Fv2%2Fcomments&post=10534"}],"version-history":[{"count":1,"href":"https:\/\/www.visionweb.com.ar\/index.php?rest_route=\/wp\/v2\/posts\/10534\/revisions"}],"predecessor-version":[{"id":10536,"href":"https:\/\/www.visionweb.com.ar\/index.php?rest_route=\/wp\/v2\/posts\/10534\/revisions\/10536"}],"wp:featuredmedia":[{"embeddable":true,"href":"https:\/\/www.visionweb.com.ar\/index.php?rest_route=\/wp\/v2\/media\/10535"}],"wp:attachment":[{"href":"https:\/\/www.visionweb.com.ar\/index.php?rest_route=%2Fwp%2Fv2%2Fmedia&parent=10534"}],"wp:term":[{"taxonomy":"category","embeddable":true,"href":"https:\/\/www.visionweb.com.ar\/index.php?rest_route=%2Fwp%2Fv2%2Fcategories&post=10534"},{"taxonomy":"post_tag","embeddable":true,"href":"https:\/\/www.visionweb.com.ar\/index.php?rest_route=%2Fwp%2Fv2%2Ftags&post=10534"}],"curies":[{"name":"wp","href":"https:\/\/api.w.org\/{rel}","templated":true}]}}