{"id":10530,"date":"2023-05-05T08:47:31","date_gmt":"2023-05-05T11:47:31","guid":{"rendered":"https:\/\/www.visionweb.com.ar\/?p=10530"},"modified":"2023-05-04T21:02:19","modified_gmt":"2023-05-05T00:02:19","slug":"unla-el-presidente-fernandez-inauguro-tres-edificios-en-la-alta-casa-de-estudios","status":"publish","type":"post","link":"https:\/\/www.visionweb.com.ar\/?p=10530","title":{"rendered":"UNLa: El Presidente Fern\u00e1ndez inaugur\u00f3 tres edificios en la alta casa  de estudios"},"content":{"rendered":"<p><strong><em>El Jefe de Estado recorri\u00f3 las nuevas sedes del campus de la UNLa que demandaron una inversi\u00f3n de 145 millones de pesos con financiamiento del Banco de Desarrollo de Am\u00e9rica Latina (CAF).<\/em><\/strong><!--more--><\/p>\n<div id=\"attachment_10531\" style=\"width: 310px\" class=\"wp-caption alignleft\"><img loading=\"lazy\" decoding=\"async\" aria-describedby=\"caption-attachment-10531\" class=\"wp-image-10531 size-medium\" src=\"https:\/\/www.visionweb.com.ar\/wp-content\/uploads\/2023\/05\/INAUGURACION-UNLA-300x200.png\" alt=\"\" width=\"300\" height=\"200\" srcset=\"https:\/\/www.visionweb.com.ar\/wp-content\/uploads\/2023\/05\/INAUGURACION-UNLA-300x200.png 300w, https:\/\/www.visionweb.com.ar\/wp-content\/uploads\/2023\/05\/INAUGURACION-UNLA.png 640w\" sizes=\"auto, (max-width: 300px) 100vw, 300px\" \/><p id=\"caption-attachment-10531\" class=\"wp-caption-text\"><strong><em>Las obras inauguradas requirieron una inversi\u00f3n $145 millones (Foto: Prensa Presidencia de la Naci\u00f3n) <\/em> <\/strong><\/p><\/div>\n<p><strong>E<\/strong>l presidente Alberto Fern\u00e1ndez asegur\u00f3 este jueves\u00a0 que \u201cinvertir en conocimiento y en educaci\u00f3n es apostar al futuro\u201d, al inaugurar los edificios de la Escuela Judicial Manuel Dorrego y de aulas Mar\u00eda Remedios del Valle en la Universidad Nacional de Lan\u00fas (UNLa).<\/p>\n<p>\u201cLas sociedades m\u00e1s ricas y m\u00e1s igualitarias son las que han desarrollado el conocimiento. Invertir en conocimiento y en educaci\u00f3n es apostar al futuro\u201d, dijo el mandatario acompa\u00f1ado por el ministro de Obras P\u00fablicas, Gabriel Katopodis, la ministra de Desarrollo Social, Victoria Tolosa Paz, la rectora de la UNLa, Ana Jaramillo, y el vicerrector Daniel Bozzani.<\/p>\n<p>Fern\u00e1ndez cuestion\u00f3 la gesti\u00f3n anterior en materia de inversiones en las universidades y agreg\u00f3: \u201cEl Gobierno que nos precedi\u00f3 en 4 a\u00f1os hizo una obra en una universidad, mientras nosotros ejecutamos 167 obras en todas las universidades del pa\u00eds, con una inversi\u00f3n de m\u00e1s de 50.000 millones de pesos\u201d, detall\u00f3 el Presidente en referencia al Programa Nacional de Infraestructura Universitaria que beneficia a m\u00e1s de 1.5 millones de estudiantes y docentes de todo el pa\u00eds.<\/p>\n<p>Luego de recorrer las nuevas sedes del campus de la UNLa que demandaron una inversi\u00f3n de 145 millones de pesos con financiamiento del Banco de Desarrollo de Am\u00e9rica Latina (CAF), el jefe de Estado asegur\u00f3 que \u201cmuchos de los estudiantes de las universidades nuevas <strong>son la primera generaci\u00f3n<\/strong>\u201d que accede <strong>a la educaci\u00f3n superior en sus familias,<\/strong> y esto \u201cdemuestra que para que la gente pueda estudiar hay que acercar la universidad a la gente, como estamos haciendo hoy\u201d.<\/p>\n<p>Las obras del nuevo edificio de aulas Mar\u00eda Remedios del Valle iniciaron en agosto de 2021 y demandaron una inversi\u00f3n de $86 millones. Las instalaciones, que ya se encuentran en funcionamiento y benefician a 800 estudiantes, incorporan espacios para la oferta acad\u00e9mica de la UNLa, como la Licenciatura en Nutrici\u00f3n, la Especializaci\u00f3n y Diplomatura en Gerontolog\u00eda, adem\u00e1s de seminarios de las carreras de Trabajo Social y Enfermer\u00eda.<\/p>\n<p>En tanto, el proyecto de la Escuela Judicial Manuel Dorrego consisti\u00f3 en la recuperaci\u00f3n y refuncionalizaci\u00f3n de un antiguo Taller de Fundici\u00f3n del Ferrocarril Roca, que fue puesto en valor a trav\u00e9s de una inversi\u00f3n de 59 millones de pesos y beneficiar\u00e1 a 1.080 estudiantes.<\/p>\n<p>La construcci\u00f3n de la Escuela Judicial hab\u00eda comenzado en 2015, pero en 2016 se detuvo por falta de presupuesto, y fue reactivada por esta gesti\u00f3n en noviembre de 2021. All\u00ed se desarrollar\u00e1n carreras de grado y posgrado y tendr\u00e1n lugar el Instituto de Justicia y Derechos Humanos Eduardo Luis Duhalde, el Departamento de Planificaci\u00f3n y Pol\u00edticas P\u00fablicas, a la vez que se impartir\u00e1 la Licenciatura en Justicia y Derechos Humanos, una carrera in\u00e9dita en el pa\u00eds y Latinoam\u00e9rica.<\/p>\n<p>En los \u00faltimos tres meses, el Gobierno nacional puso en marcha nueve edificios e instalaciones que mejoran la posibilidad de acceder a la educaci\u00f3n superior a miles de estudiantes de la UNAJ; de la Universidad Nacional de San Mart\u00edn; de la Universidad Nacional de Misiones (UNaM); de la Universidad Nacional de Tierra del Fuego, Ant\u00e1rtida e Islas del Atl\u00e1ntico Sur; de la Universidad de San Luis; de la Universidad Nacional de Rosario; de la Universidad Nacional del Oeste; de la UTN y del Centro Regional Universitario de Ituzaing\u00f3.<\/p>\n<p>Estas obras forman parte del Programa Nacional de Infraestructura Universitaria que cuenta con 129 obras en ejecuci\u00f3n, de las cuales 26 est\u00e1n finalizadas, 47 en ejecuci\u00f3n, 9 a iniciar o en proceso licitatorio y 47 en proyecto, a la vez que 38 proyectos se encuentran en evaluaci\u00f3n para llegar a todo el territorio argentino<strong>(VW)<\/strong>.<\/p>\n","protected":false},"excerpt":{"rendered":"<p>El Jefe de Estado recorri\u00f3 las nuevas sedes del campus de la UNLa que demandaron una inversi\u00f3n de 145 millones de pesos con financiamiento del Banco de Desarrollo de Am\u00e9rica Latina (CAF).<\/p>\n","protected":false},"author":3,"featured_media":10531,"comment_status":"closed","ping_status":"closed","sticky":false,"template":"","format":"standard","meta":{"_monsterinsights_skip_tracking":false,"_monsterinsights_sitenote_active":false,"_monsterinsights_sitenote_note":"","_monsterinsights_sitenote_category":0,"footnotes":""},"categories":[7],"tags":[4362,23,15,437],"class_list":["post-10530","post","type-post","status-publish","format-standard","has-post-thumbnail","hentry","category-educacion-y-cultura","tag-edicificiso","tag-educacion","tag-fernandez","tag-unla"],"_links":{"self":[{"href":"https:\/\/www.visionweb.com.ar\/index.php?rest_route=\/wp\/v2\/posts\/10530","targetHints":{"allow":["GET"]}}],"collection":[{"href":"https:\/\/www.visionweb.com.ar\/index.php?rest_route=\/wp\/v2\/posts"}],"about":[{"href":"https:\/\/www.visionweb.com.ar\/index.php?rest_route=\/wp\/v2\/types\/post"}],"author":[{"embeddable":true,"href":"https:\/\/www.visionweb.com.ar\/index.php?rest_route=\/wp\/v2\/users\/3"}],"replies":[{"embeddable":true,"href":"https:\/\/www.visionweb.com.ar\/index.php?rest_route=%2Fwp%2Fv2%2Fcomments&post=10530"}],"version-history":[{"count":1,"href":"https:\/\/www.visionweb.com.ar\/index.php?rest_route=\/wp\/v2\/posts\/10530\/revisions"}],"predecessor-version":[{"id":10533,"href":"https:\/\/www.visionweb.com.ar\/index.php?rest_route=\/wp\/v2\/posts\/10530\/revisions\/10533"}],"wp:featuredmedia":[{"embeddable":true,"href":"https:\/\/www.visionweb.com.ar\/index.php?rest_route=\/wp\/v2\/media\/10531"}],"wp:attachment":[{"href":"https:\/\/www.visionweb.com.ar\/index.php?rest_route=%2Fwp%2Fv2%2Fmedia&parent=10530"}],"wp:term":[{"taxonomy":"category","embeddable":true,"href":"https:\/\/www.visionweb.com.ar\/index.php?rest_route=%2Fwp%2Fv2%2Fcategories&post=10530"},{"taxonomy":"post_tag","embeddable":true,"href":"https:\/\/www.visionweb.com.ar\/index.php?rest_route=%2Fwp%2Fv2%2Ftags&post=10530"}],"curies":[{"name":"wp","href":"https:\/\/api.w.org\/{rel}","templated":true}]}}