{"id":10527,"date":"2023-05-05T09:26:19","date_gmt":"2023-05-05T12:26:19","guid":{"rendered":"https:\/\/www.visionweb.com.ar\/?p=10527"},"modified":"2023-05-04T20:41:39","modified_gmt":"2023-05-04T23:41:39","slug":"para-kicillof-el-frente-de-todos-debe-decidir-su-reeleccion","status":"publish","type":"post","link":"https:\/\/www.visionweb.com.ar\/?p=10527","title":{"rendered":"Para Kicillof el Frente de Todos debe decidir su reelecci\u00f3n"},"content":{"rendered":"<p><strong><em>El gobernador se refiri\u00f3 a su futuro electoral y dej\u00f3 en claro cu\u00e1les son sus aspiraciones a nivel personal, aunque aclar\u00f3 que el espacio es el que define.<\/em><\/strong><!--more--><\/p>\n<div id=\"attachment_10528\" style=\"width: 310px\" class=\"wp-caption alignright\"><img loading=\"lazy\" decoding=\"async\" aria-describedby=\"caption-attachment-10528\" class=\"wp-image-10528 size-medium\" src=\"https:\/\/www.visionweb.com.ar\/wp-content\/uploads\/2023\/05\/KICILLOF-CON-POLICIAS-300x169.png\" alt=\"\" width=\"300\" height=\"169\" srcset=\"https:\/\/www.visionweb.com.ar\/wp-content\/uploads\/2023\/05\/KICILLOF-CON-POLICIAS-300x169.png 300w, https:\/\/www.visionweb.com.ar\/wp-content\/uploads\/2023\/05\/KICILLOF-CON-POLICIAS.png 640w\" sizes=\"auto, (max-width: 300px) 100vw, 300px\" \/><p id=\"caption-attachment-10528\" class=\"wp-caption-text\"><em><strong>El gobernador bonaerense deleg\u00f3 en la,militancia su pre candidatura a la reelecci\u00f3n<\/strong><\/em><\/p><\/div>\n<p><strong>E<\/strong>l gobernador bonaerense, Axel Kicillof, se refiri\u00f3 este jueves a su futuro electoral y asegur\u00f3 y que buscar la reelecci\u00f3n ser\u00eda \u201clo natural\u201d y que est\u00e1 \u201cdisponible para esa tarea\u201d, pero aclar\u00f3 que ser\u00e1 una decisi\u00f3n \u201ccolectiva\u201d que adoptar\u00e1 el Frente de Todos.<\/p>\n<p>\u201cHay trascendidos. Yo hoy soy gobernador y tengo per\u00edodo hasta el 10 de diciembre. Mientras tanto, estamos en plenas funciones. Yo s\u00e9 que enfrente m\u00edo hay 10 candidatos de la oposici\u00f3n, que como vemos est\u00e1n en una interna feroz\u201d, dijo el gobernador en declaraciones formuladas a Cr\u00f3nica TV, tras un acto de egreso de 3.500 nuevos polic\u00edas en Vicente L\u00f3pez.<\/p>\n<p>Kicillof reconoci\u00f3 que \u201cla mayor\u00eda de los espacios que conforman el FdT\u201d le piden que compita por la reelecci\u00f3n, pero reiter\u00f3 que \u201ccomo todav\u00eda no hay definiciones en diferentes planos, la estrategia de la Provincia tampoco va a estar separada\u201d, consign\u00f3 en declaraciones publicadas por una se\u00f1al televisiva de noticias.<\/p>\n<p>\u201cEn el caso de la provincia de Buenos Aires, hemos hablado con intendentes y hoy me voy a reunir con sindicatos y organizaciones sociales. El pedido es permanente y yo, obviamente, estoy disponible para esta tarea\u201d, continu\u00f3.<\/p>\n<p>Esta tarde, Kicillof encabezar\u00e1 en Ensenada un encuentro convocado por la organizaci\u00f3n social Somos Barrios de Pie, de cara a las elecciones y en un mes definitorio para las candidaturas dentro del Frente de Todos (FdT).<\/p>\n<p>\u201cEsto no es un lanzamiento, pero es lo natural. Yo siempre digo que esto no es una decisi\u00f3n individual ni una cuesti\u00f3n de aventuras personales. Hemos vivido ese tipo de circunstancias, lo vemos en la oposici\u00f3n\u201d, indic\u00f3 el mandatario bonaerense.<\/p>\n<p><strong>Pedido de los alcaldes oficialiatas<\/strong><\/p>\n<p>Cuando se le pregunt\u00f3 acerca del pedido de intendentes justicialistas para que \u00e9l sea quien vuelva a representar al oficialismo en la provincia, repiti\u00f3 que no desea convertir esa cuesti\u00f3n \u201cen una decisi\u00f3n individual, cuando es parte de una estrategia\u201d, pero admiti\u00f3 que escucha esas voces.<\/p>\n<p>Posteriormente, Kicillof plante\u00f3 que \u201cel lanzamiento ser\u00e1 en el momento oportuno\u201d, ya que \u201cforma parte de una estrategia\u201d y lanz\u00f3: \u201cYo estoy trabajando para que sea reelegido este proyecto en la provincia de Buenos Aires, que es un proyecto para la salud, para la seguridad, para la educaci\u00f3n, para la infraestructura, para la producci\u00f3n\u201d.<\/p>\n<p>\u201cTenemos planes quinquenales. Hemos presentado planes integrales. Y, por supuesto, que yo estoy disponible para esa tarea y escucho las voces que ustedes dicen, pero formo parte de un espacio que es colectivo y esto forma parte de una estrategia general\u201d, enfatiz\u00f3 y apunt\u00f3 que har\u00e1 \u201clo que haga falta\u201d<strong>(VW)<\/strong>.<\/p>\n","protected":false},"excerpt":{"rendered":"<p>El gobernador se refiri\u00f3 a su futuro electoral y dej\u00f3 en claro cu\u00e1les son sus aspiraciones a nivel personal, aunque aclar\u00f3 que el espacio es el que define.<\/p>\n","protected":false},"author":3,"featured_media":10528,"comment_status":"closed","ping_status":"closed","sticky":false,"template":"","format":"standard","meta":{"_monsterinsights_skip_tracking":false,"_monsterinsights_sitenote_active":false,"_monsterinsights_sitenote_note":"","_monsterinsights_sitenote_category":0,"footnotes":""},"categories":[4],"tags":[1994,343,1591],"class_list":["post-10527","post","type-post","status-publish","format-standard","has-post-thumbnail","hentry","category-politica","tag-fdt","tag-policias","tag-reeleccion"],"_links":{"self":[{"href":"https:\/\/www.visionweb.com.ar\/index.php?rest_route=\/wp\/v2\/posts\/10527","targetHints":{"allow":["GET"]}}],"collection":[{"href":"https:\/\/www.visionweb.com.ar\/index.php?rest_route=\/wp\/v2\/posts"}],"about":[{"href":"https:\/\/www.visionweb.com.ar\/index.php?rest_route=\/wp\/v2\/types\/post"}],"author":[{"embeddable":true,"href":"https:\/\/www.visionweb.com.ar\/index.php?rest_route=\/wp\/v2\/users\/3"}],"replies":[{"embeddable":true,"href":"https:\/\/www.visionweb.com.ar\/index.php?rest_route=%2Fwp%2Fv2%2Fcomments&post=10527"}],"version-history":[{"count":1,"href":"https:\/\/www.visionweb.com.ar\/index.php?rest_route=\/wp\/v2\/posts\/10527\/revisions"}],"predecessor-version":[{"id":10529,"href":"https:\/\/www.visionweb.com.ar\/index.php?rest_route=\/wp\/v2\/posts\/10527\/revisions\/10529"}],"wp:featuredmedia":[{"embeddable":true,"href":"https:\/\/www.visionweb.com.ar\/index.php?rest_route=\/wp\/v2\/media\/10528"}],"wp:attachment":[{"href":"https:\/\/www.visionweb.com.ar\/index.php?rest_route=%2Fwp%2Fv2%2Fmedia&parent=10527"}],"wp:term":[{"taxonomy":"category","embeddable":true,"href":"https:\/\/www.visionweb.com.ar\/index.php?rest_route=%2Fwp%2Fv2%2Fcategories&post=10527"},{"taxonomy":"post_tag","embeddable":true,"href":"https:\/\/www.visionweb.com.ar\/index.php?rest_route=%2Fwp%2Fv2%2Ftags&post=10527"}],"curies":[{"name":"wp","href":"https:\/\/api.w.org\/{rel}","templated":true}]}}