{"id":10525,"date":"2023-05-05T08:54:49","date_gmt":"2023-05-05T11:54:49","guid":{"rendered":"https:\/\/www.visionweb.com.ar\/?p=10525"},"modified":"2023-05-04T20:21:44","modified_gmt":"2023-05-04T23:21:44","slug":"los-alimentos-en-el-conurbano-aumentaron-mas-del-42-en-el-primer-cuatrimestre","status":"publish","type":"post","link":"https:\/\/www.visionweb.com.ar\/?p=10525","title":{"rendered":"Los alimentos en el Conurbano aumentaron m\u00e1s del 42%  en el primer cuatrimestre"},"content":{"rendered":"<p><em><strong>En abril 8%, as\u00ed lo revel\u00f3 el \u00faltimo informe elaborado por Instituto de Investigaci\u00f3n Social, Econ\u00f3mica y Pol\u00edtica Ciudadana (ISEPC).<\/strong><\/em> <!--more--><\/p>\n<p><strong><img loading=\"lazy\" decoding=\"async\" class=\"size-medium wp-image-10371 alignright\" src=\"https:\/\/www.visionweb.com.ar\/wp-content\/uploads\/2023\/04\/ALIMENTOS-300x173.png\" alt=\"\" width=\"300\" height=\"173\" srcset=\"https:\/\/www.visionweb.com.ar\/wp-content\/uploads\/2023\/04\/ALIMENTOS-300x173.png 300w, https:\/\/www.visionweb.com.ar\/wp-content\/uploads\/2023\/04\/ALIMENTOS.png 640w\" sizes=\"auto, (max-width: 300px) 100vw, 300px\" \/>L<\/strong>a inflaci\u00f3n de alimentos\u00a0<strong>exhibi\u00f3 un ritmo acelerado en el conurbano durante abril y empuja la tendencia alcista del primer cuatrimestre\u00a0<\/strong>del a\u00f1o, de acuerdo al relevamiento mensual que realizan en\u00a0<strong>ISEPCI\u00a0<\/strong>(Instituto de Investigaci\u00f3n Social, Econ\u00f3mica y Pol\u00edtica Ciudadana).<\/p>\n<p>As\u00ed lo revel\u00f3 el an\u00e1lisis elaborado en <strong>900 comercios de cercan\u00eda de 20 distritos del conurbano bonaerense.<\/strong><\/p>\n<p>De acuerdo con el estudio en abril el valor de la Canasta B\u00e1sica de Alimentos (CAB) para <strong>una familia de dos adultos y dos hijos peque\u00f1os, en abril lleg\u00f3 a $91.347,30.<\/strong><\/p>\n<p>Pero si la proyecci\u00f3n se traslada al primer cuatrimestre del a\u00f1o, el aumento fue de <strong>42,4% en alimentos y 39,3% en Canasta B\u00e1sica Total) es el m\u00e1s alto de los \u00faltimos cinco a\u00f1os.\u00a0\u00a0<\/strong><\/p>\n<p>Los rubros que m\u00e1s subieron fueron los de\u00a0<strong>Almac\u00e9n (9,65%) y Carnes (9.41%),\u00a0<\/strong>mientras que las Frutas y Verduras treparon un 3,39%. Frente a marzo, los productos se incrementaron un 8,13%, cuando el valor de la canasta alimentaria alcanzaba los $84.478,10.<\/p>\n<p>Con las subas evidenciadas en abril,\u00a0<strong>el primer cuatrimestre de 2023 acumula un aumento del 42,43%.\u00a0<\/strong>En lo que va del a\u00f1o\u00a0<strong>las carnes aumentaron 53,95%, las frutas y verduras 44,52%,\u00a0<\/strong>y los productos de almac\u00e9n 34,50%.<\/p>\n<p>La Canasta B\u00e1sica Total (CBT) que adem\u00e1s de los alimentos b\u00e1sicos, incluye gastos esenciales en salud, educaci\u00f3n, transporte, vestimentas, tarifas y sostenimiento de la vivienda,\u00a0<strong>escal\u00f3 en abril 6,70%\u00a0<\/strong>lo que sumado a las subas de los primeros tres meses del a\u00f1o lleva el\u00a0<strong>aumento cuatrimestral a 39,30%.<\/strong><\/p>\n<p>Desde el instituto de investigaci\u00f3n que elabor\u00f3 el relevamiento manifestaron que\u00a0<strong>\u201ceste incremento cuatrimestral de las Canastas B\u00e1sicas es el m\u00e1s alto de los \u00faltimos cinco a\u00f1os\u201d.<\/strong><\/p>\n<p>Asimismo, expresaron que \u201cel aumento incesante de los precios de los productos de consumo b\u00e1sico, Los alimentos en el conurbano subieron un 8,13% durante abril. Los alimentos en el conurbano subieron un 8,13% durante abril.NA: MARCELO CAPECE. La consecuencia directa es el sostenimiento desde a\u00f1os de la pobreza en niveles que rondan el 40% y la indigencia en torno al 8% del total de la poblaci\u00f3n\u201d.<\/p>\n<p>En ese sentido, remarcaron que \u201cen el primer semestre del 2019\u00a0<strong>la indigencia lleg\u00f3 al 7,7% en el promedio de todo el territorio nacional, y a partir de all\u00ed nunca baj\u00f3 del 8%<\/strong>, alcanzando un pico de 10,7% en el primer semestre de 2021\u201d, se\u00f1alado que \u201cdespu\u00e9s de dos a\u00f1os de importante crecimiento post pandemia (10% en 2021, y 5% en 2022), en diciembre del a\u00f1o pasado la indigencia segu\u00eda clavada en m\u00e1s del 8%\u201d.<\/p>\n<p>Continuando en esa l\u00ednea, desde ISEPCI indicaron que \u201cla pobreza lleg\u00f3 a superar el 40% de los argentinos y argentinas en el a\u00f1o de la pandemia: en ese primer semestre alcanz\u00f3 el 40,9% y subi\u00f3 al 42% el segundo semestre. Pero\u00a0<strong>en 2021, cuando la econom\u00eda creci\u00f3 10%, el descenso de la pobreza apenas baj\u00f3 a 40,6% en el primer semestre y a 37,3% en el segundo<\/strong>. En 2021 mientras la econom\u00eda sigui\u00f3 creciendo la pobreza volvi\u00f3 a subir a un 39,2%\u201d<strong>(VW)<\/strong>.<\/p>\n","protected":false},"excerpt":{"rendered":"<p>En abril 8%, as\u00ed lo revel\u00f3 el \u00faltimo informe elaborado por Instituto de Investigaci\u00f3n Social, Econ\u00f3mica y Pol\u00edtica Ciudadana (ISEPC).<\/p>\n","protected":false},"author":3,"featured_media":10371,"comment_status":"closed","ping_status":"closed","sticky":false,"template":"","format":"standard","meta":{"_monsterinsights_skip_tracking":false,"_monsterinsights_sitenote_active":false,"_monsterinsights_sitenote_note":"","_monsterinsights_sitenote_category":0,"footnotes":""},"categories":[8],"tags":[141,47],"class_list":["post-10525","post","type-post","status-publish","format-standard","has-post-thumbnail","hentry","category-interes-general","tag-aumentos","tag-precios"],"_links":{"self":[{"href":"https:\/\/www.visionweb.com.ar\/index.php?rest_route=\/wp\/v2\/posts\/10525","targetHints":{"allow":["GET"]}}],"collection":[{"href":"https:\/\/www.visionweb.com.ar\/index.php?rest_route=\/wp\/v2\/posts"}],"about":[{"href":"https:\/\/www.visionweb.com.ar\/index.php?rest_route=\/wp\/v2\/types\/post"}],"author":[{"embeddable":true,"href":"https:\/\/www.visionweb.com.ar\/index.php?rest_route=\/wp\/v2\/users\/3"}],"replies":[{"embeddable":true,"href":"https:\/\/www.visionweb.com.ar\/index.php?rest_route=%2Fwp%2Fv2%2Fcomments&post=10525"}],"version-history":[{"count":1,"href":"https:\/\/www.visionweb.com.ar\/index.php?rest_route=\/wp\/v2\/posts\/10525\/revisions"}],"predecessor-version":[{"id":10526,"href":"https:\/\/www.visionweb.com.ar\/index.php?rest_route=\/wp\/v2\/posts\/10525\/revisions\/10526"}],"wp:featuredmedia":[{"embeddable":true,"href":"https:\/\/www.visionweb.com.ar\/index.php?rest_route=\/wp\/v2\/media\/10371"}],"wp:attachment":[{"href":"https:\/\/www.visionweb.com.ar\/index.php?rest_route=%2Fwp%2Fv2%2Fmedia&parent=10525"}],"wp:term":[{"taxonomy":"category","embeddable":true,"href":"https:\/\/www.visionweb.com.ar\/index.php?rest_route=%2Fwp%2Fv2%2Fcategories&post=10525"},{"taxonomy":"post_tag","embeddable":true,"href":"https:\/\/www.visionweb.com.ar\/index.php?rest_route=%2Fwp%2Fv2%2Ftags&post=10525"}],"curies":[{"name":"wp","href":"https:\/\/api.w.org\/{rel}","templated":true}]}}