{"id":10520,"date":"2023-05-04T17:28:53","date_gmt":"2023-05-04T20:28:53","guid":{"rendered":"https:\/\/www.visionweb.com.ar\/?p=10520"},"modified":"2023-05-04T17:33:12","modified_gmt":"2023-05-04T20:33:12","slug":"seguridad-egresaron-3-492-para-la-nueva-policia-que-actuara-en-el-conurbano","status":"publish","type":"post","link":"https:\/\/www.visionweb.com.ar\/?p=10520","title":{"rendered":"Seguridad: Egresaron 3.492 cadetes para la nueva Polic\u00eda que actuar\u00e1 en el conurbano"},"content":{"rendered":"<p><em><strong>Se trata de un nuevo cuerpo de la Polic\u00eda bonaerense formado espec\u00edficamente para funcionar en el conurbano. Los primeros municipios a los que arribar\u00e1n ser\u00e1n: La Plata, Quilmes, Almirante Brown, Florencio Varela, Avellaneda, Mor\u00f3n, La Matanza, Lomas de Zamora, San Mart\u00edn\u00a0y\u00a0Esteban Echeverr\u00eda.<\/strong><\/em><!--more--><\/p>\n<p><strong><img loading=\"lazy\" decoding=\"async\" class=\"size-full wp-image-10521 alignleft\" src=\"https:\/\/www.visionweb.com.ar\/wp-content\/uploads\/2023\/05\/egresados-policias-bonaerenses.png\" alt=\"\" width=\"294\" height=\"124\" \/>\u00a0\u00a0 E<\/strong>l gobernador\u00a0de la Provincia <strong>Axel Kicillof<\/strong>\u00a0y el ministro de Seguridad,\u00a0<strong>Sergio Berni, <\/strong>encabezaron esta ma\u00f1ana el <strong>acto de egreso<\/strong> de la Polic\u00eda Bonaerense de 3.492 agentes que, seg\u00fan se anunci\u00f3, estar\u00e1n destinados a cumplir funciones en los <strong>barrios<\/strong> <strong>m\u00e1s<\/strong> <strong>peligrosos<\/strong> <strong>del\u00a0conurbano bonaerense<\/strong>.<\/p>\n<p>El ministro inform\u00f3 que hoy egres\u00f3 la primera generaci\u00f3n de polic\u00edas entrenados para ser parte de la<strong>\u00a0Polic\u00eda de Aproximaci\u00f3n Barrial<\/strong>.<\/p>\n<p>En ese sentido, Berni dijo que estos hombres y mujeres estar\u00e1n para\u00a0<strong>\u00abresolver muchos conflictos que nada tienen que ver con la polic\u00eda, pero cuando se presentan a las 2, 3, 4 de la ma\u00f1ana, el \u00fanico que est\u00e1 presente es un polic\u00eda\u00bb<\/strong>.<\/p>\n<p>Asimismo, se\u00f1al\u00f3 que estos polic\u00edas estar\u00e1n \u00abcon los pies bien puestos en los barrios\u00bb.<\/p>\n<p>Seg\u00fan postul\u00f3, esta semana ya comenzar\u00e1n a desplegarse en<strong>\u00a011 municipios del Gran Buenos Aires<\/strong>\u00a0donde hay mayor nivel de conflictividad. Por eso, esta ma\u00f1ana acompa\u00f1aron intendentes del oficialismo y de la oposici\u00f3n que comandan los distritos afectados.<\/p>\n<p>Fuentes de la cartera de Seguridad, explicaron que esta Polic\u00eda \u00abest\u00e1 entrenada para abordar diferentes situaciones complejas que se puedan presentar\u00bb y marcaron que<strong>\u00a0incluso en el tratamiento de adicciones<\/strong>.<\/p>\n<p>\u00abSi bien es interdisciplinario, luego intervienen otras \u00e1reas, la Polic\u00eda es la primera en aproximarse, entonces tienen un protocolo para trabajar espec\u00edficamente en eso\u00bb, plantearon.<\/p>\n<p><strong><img loading=\"lazy\" decoding=\"async\" class=\"size-full wp-image-10522 alignright\" src=\"https:\/\/www.visionweb.com.ar\/wp-content\/uploads\/2023\/05\/policias-bonaer.png\" alt=\"\" width=\"275\" height=\"183\" \/>La Plata, Quilmes, Almirante Brown, Florencio Varela, Avellaneda, Mor\u00f3n, La Matanza, Lomas de Zamora, San Mart\u00edn\u00a0<\/strong>y<strong>\u00a0Esteban Echeverr\u00eda<\/strong>\u00a0son los primeros distritos en donde esta fuerza comenzar\u00e1 a actuar en lo inmediato, aunque en algunos casos ya est\u00e1 vigente.<\/p>\n<p>Este es el caso de La Matanza, donde actualmente hay unas 16 intervenciones con esta caracter\u00edstica sobre barrios de emergencia en los cuales el narcotr\u00e1fico es uno de los problemas, pero tambi\u00e9n hay otros m\u00e1s complejos, incluso hasta trata de personas.<\/p>\n<p>En tanto, para estos nuevos agentes ya regir\u00e1 el aumento que ofreci\u00f3 la Provincia en las\u00a0<strong>horas CORES, que pas\u00f3 a ser de 600 pesos<\/strong>, al tiempo que el\u00a0<strong>monto por uniforme ser\u00e1 de 15 mil pesos<\/strong>\u00a0por agente.<\/p>\n<p>En el cierre del acto, el gobernador Kicillof dijo: \u00abNos debemos a nuestro pueblo, hay que tratarlo con humanidad, necesitamos una Polic\u00eda m\u00e1s profesional, pero tambi\u00e9n m\u00e1s humana, que sea parte del pueblo\u00bb, y a la vez marc\u00f3: \u00abadentro de la Ley, todo; afuera de la Ley, nada\u00bb. <strong>(VW)<\/strong><\/p>\n<p>&nbsp;<\/p>\n","protected":false},"excerpt":{"rendered":"<p>Se trata de un nuevo cuerpo de la Polic\u00eda bonaerense formado espec\u00edficamente para funcionar en el conurbano. Los primeros municipios a los que arribar\u00e1n ser\u00e1n: La Plata, Quilmes, Almirante Brown, Florencio Varela, Avellaneda, Mor\u00f3n,&#46;&#46;&#46;<\/p>\n","protected":false},"author":4,"featured_media":10522,"comment_status":"closed","ping_status":"closed","sticky":false,"template":"","format":"standard","meta":{"_monsterinsights_skip_tracking":false,"_monsterinsights_sitenote_active":false,"_monsterinsights_sitenote_note":"","_monsterinsights_sitenote_category":0,"footnotes":""},"categories":[4,5],"tags":[4361,512,167,2527,4360,529],"class_list":["post-10520","post","type-post","status-publish","format-standard","has-post-thumbnail","hentry","category-politica","category-sociedad","tag-3-492-egresados","tag-berni","tag-kicillof","tag-policia-bonaerense","tag-policia-de-aproximacion-barrial","tag-seguridad"],"_links":{"self":[{"href":"https:\/\/www.visionweb.com.ar\/index.php?rest_route=\/wp\/v2\/posts\/10520","targetHints":{"allow":["GET"]}}],"collection":[{"href":"https:\/\/www.visionweb.com.ar\/index.php?rest_route=\/wp\/v2\/posts"}],"about":[{"href":"https:\/\/www.visionweb.com.ar\/index.php?rest_route=\/wp\/v2\/types\/post"}],"author":[{"embeddable":true,"href":"https:\/\/www.visionweb.com.ar\/index.php?rest_route=\/wp\/v2\/users\/4"}],"replies":[{"embeddable":true,"href":"https:\/\/www.visionweb.com.ar\/index.php?rest_route=%2Fwp%2Fv2%2Fcomments&post=10520"}],"version-history":[{"count":2,"href":"https:\/\/www.visionweb.com.ar\/index.php?rest_route=\/wp\/v2\/posts\/10520\/revisions"}],"predecessor-version":[{"id":10524,"href":"https:\/\/www.visionweb.com.ar\/index.php?rest_route=\/wp\/v2\/posts\/10520\/revisions\/10524"}],"wp:featuredmedia":[{"embeddable":true,"href":"https:\/\/www.visionweb.com.ar\/index.php?rest_route=\/wp\/v2\/media\/10522"}],"wp:attachment":[{"href":"https:\/\/www.visionweb.com.ar\/index.php?rest_route=%2Fwp%2Fv2%2Fmedia&parent=10520"}],"wp:term":[{"taxonomy":"category","embeddable":true,"href":"https:\/\/www.visionweb.com.ar\/index.php?rest_route=%2Fwp%2Fv2%2Fcategories&post=10520"},{"taxonomy":"post_tag","embeddable":true,"href":"https:\/\/www.visionweb.com.ar\/index.php?rest_route=%2Fwp%2Fv2%2Ftags&post=10520"}],"curies":[{"name":"wp","href":"https:\/\/api.w.org\/{rel}","templated":true}]}}