{"id":10516,"date":"2023-05-04T16:50:17","date_gmt":"2023-05-04T19:50:17","guid":{"rendered":"https:\/\/www.visionweb.com.ar\/?p=10516"},"modified":"2023-05-04T16:50:17","modified_gmt":"2023-05-04T19:50:17","slug":"fondo-nacional-de-las-artes-ultimos-dias-para-inscribirse-a-las-becas-formacion-2023","status":"publish","type":"post","link":"https:\/\/www.visionweb.com.ar\/?p=10516","title":{"rendered":"Fondo Nacional de las Artes: \u00daltimos d\u00edas para inscribirse a las \u201cBecas Formaci\u00f3n 2023\u201d"},"content":{"rendered":"<p><em><strong>\u00a0Hay tiempo hasta el 9 de mayo. La iniciativa est\u00e1 dirigida a artistas, gestores y formadores<\/strong><strong>,<\/strong> <\/em><strong><em>con el objetivo principal de \u00abapoyar y promover programas de capacitaci\u00f3n en distintas \u00e1reas de la cultura\u00bb.<\/em> <\/strong><!--more--><\/p>\n<p><strong>\u00a0<\/strong><strong> <img loading=\"lazy\" decoding=\"async\" class=\"size-full wp-image-10517 alignright\" src=\"https:\/\/www.visionweb.com.ar\/wp-content\/uploads\/2023\/05\/becas-formacion.png\" alt=\"\" width=\"210\" height=\"118\" \/>\u00a0 E<\/strong>l<strong> Fondo Nacional de las Artes (FNA)<\/strong>\u00a0en conjunto con el\u00a0<strong>Ministerio de Cultura de la Naci\u00f3n<\/strong>\u00a0lanzaron el programa\u00a0<strong>Becas Formaci\u00f3n 2023,<\/strong> vigente desde el 30 de marzo, con el objeto de crear espacios de capacitaciones culturales, cuya <strong>inscripci\u00f3n se encuentra disponible hasta el pr\u00f3ximo martes 9 de mayo.<\/strong><\/p>\n<p>De esta manera, las \u201cBecas Formaci\u00f3n 2023\u201d est\u00e1n dirigidas a\u00a0<strong>artistas<\/strong>, <strong>gestores<\/strong> y <strong>formadores<\/strong> argentinos y\/o extranjeros mayores de 18\u00a0a\u00f1os que residan legalmente en el pa\u00eds, \u201d<strong>con el objeto de apoyar y promover\u00a0programas de capacitaci\u00f3n en distintas \u00e1reas de la cultura\u00a0dentro del territorio de la Rep\u00fablica Argentina<\/strong>\u201d, indicaron desde el organismo.<\/p>\n<p>Seg\u00fan el\u00a0<a href=\"https:\/\/www.cultura.gob.ar\/el-fondo-nacional-de-las-artes-abrio-la-convocatoria-para-las-becas-fo-13017\/\">informe oficial<\/a>\u00a0del programa, \u00a0en el por qu\u00e9 del lanzamiento de las Becas Formaci\u00f3n, se reafirma el compromiso de \u00ab<strong>fortalecer la igualdad de oportunidades\u00a0<\/strong>en el acceso a la profesionalizaci\u00f3n del sector cultural nacional\u00bb a trav\u00e9s de la construcci\u00f3n de \u00ab<strong>espacios de formaci\u00f3n\u00a0<\/strong>que estimulen el\u00a0<strong>pensamiento cr\u00edtico y la conformaci\u00f3n de redes creativas, colaborativas y asociativas<\/strong>\u00ab.<\/p>\n<p><strong>Para inscribirse es necesario realizar el tr\u00e1mite<\/strong>\u00a0a trav\u00e9s del siguiente\u00a0<a href=\"https:\/\/app.fnartes.gob.ar\/ingresar\">link<\/a>, d\u00f3nde despu\u00e9s de crear un usuario y contrase\u00f1a, deber\u00e1n completar el formulario correspondiente.<\/p>\n<p><strong>\u00bfQui\u00e9nes pueden participar?<\/strong><\/p>\n<p>La propuesta se enmarca en el \u00e1mbito cultural y presenta como destinatarios a \u00ab<strong>artistas, gestores\/as y formadores\/as argentino\/as y extranjeros\/as mayores de 18 a\u00f1os que residan legalmente en el pa\u00eds<\/strong>\u00ab, explic\u00f3 el anuncio oficial.<\/p>\n<p>Los participantes<strong>\u00a0lo pueden hacer de manera individual o de forma grupal<\/strong>, con un m\u00ednimo de dos integrantes.<\/p>\n<div id=\"attachment_10518\" style=\"width: 274px\" class=\"wp-caption alignleft\"><img loading=\"lazy\" decoding=\"async\" aria-describedby=\"caption-attachment-10518\" class=\"wp-image-10518 size-full\" src=\"https:\/\/www.visionweb.com.ar\/wp-content\/uploads\/2023\/05\/fondo-nac-de-las-artes-II.png\" alt=\"\" width=\"264\" height=\"123\" \/><p id=\"caption-attachment-10518\" class=\"wp-caption-text\">Imagen: Fondo Nacional de las Artes<\/p><\/div>\n<p>Para participar de las Becas Formaci\u00f3n es necesario<strong>\u00a0alistarse en algunas de las siguientes categor\u00edas:<\/strong><\/p>\n<ul>\n<li>\u00a0<strong>Capacitaci\u00f3n:\u00a0<\/strong>refiere a la presentaci\u00f3n de proyectos para capacitarse en instituciones y espacios culturales argentinos, con docentes particulares, de forma virtual, presencial o h\u00edbrida.<\/li>\n<li><strong>Formadores:\u00a0<\/strong>exclusivos para proyectos no arancelados, en el que podr\u00e1n presentarse artistas, docentes o profesionales \u00abque deseen brindar una formaci\u00f3n art\u00edstica\/t\u00e9cnica a terceros de manera gratuita, de forma presencial, virtual o mixta\u00bb.<\/li>\n<li><strong>Formaci\u00f3n DNFC &#8211; FNA Cultura y Ambiente:\u00a0<\/strong>para aquel o aquellos que deseen ofrecer un programa a terceros de manera gratuita de tres a ocho encuentros que desarrollen las tem\u00e1ticas correspondientes. Cabe destacar que podr\u00e1 ser de manera presencial, virtual o mixta.<\/li>\n<\/ul>\n<p><strong>\u00bfCu\u00e1l es el monto de las Becas Formaci\u00f3n?<\/strong><\/p>\n<p>Para la categor\u00eda Capacitaci\u00f3n la beca econ\u00f3mica consistir\u00e1 de:<\/p>\n<ul>\n<li><strong>Proyectos individuales: $100000.<\/strong><\/li>\n<li><strong>\u00a0Proyectos grupales: $140000.<\/strong><\/li>\n<\/ul>\n<p>Para la categor\u00eda Formadores:<\/p>\n<ul>\n<li><strong>Proyectos individuales: $120000.<\/strong><\/li>\n<li><strong>\u00a0Proyectos grupales: $180000.<\/strong><\/li>\n<\/ul>\n<p>Para la categor\u00eda L\u00ednea FNA-DNFC:<\/p>\n<ul>\n<li><strong>Proyectos individuales y grupales: $300000.<\/strong><\/li>\n<\/ul>\n<p>Los beneficiarios seleccionados ser\u00e1n notificados en el mail establecido al momento de la inscripci\u00f3n. Adem\u00e1s los resultados ser\u00e1n publicados en la p\u00e1gina oficial del Fondo Nacional de las Artes.\u00a0<strong>Se estima que a mediados de junio se conocer\u00e1 a los elegidos. (VW)<\/strong><\/p>\n<p>&nbsp;<\/p>\n","protected":false},"excerpt":{"rendered":"<p>\u00a0Hay tiempo hasta el 9 de mayo. La iniciativa est\u00e1 dirigida a artistas, gestores y formadores, con el objetivo principal de \u00abapoyar y promover programas de capacitaci\u00f3n en distintas \u00e1reas de la cultura\u00bb.<\/p>\n","protected":false},"author":4,"featured_media":10518,"comment_status":"closed","ping_status":"closed","sticky":false,"template":"","format":"standard","meta":{"_monsterinsights_skip_tracking":false,"_monsterinsights_sitenote_active":false,"_monsterinsights_sitenote_note":"","_monsterinsights_sitenote_category":0,"footnotes":""},"categories":[7,8],"tags":[2406,4359,4358,2863],"class_list":["post-10516","post","type-post","status-publish","format-standard","has-post-thumbnail","hentry","category-educacion-y-cultura","category-interes-general","tag-artistas","tag-becas-formacion-2023","tag-fna","tag-fondo-nacional-de-las-artes"],"_links":{"self":[{"href":"https:\/\/www.visionweb.com.ar\/index.php?rest_route=\/wp\/v2\/posts\/10516","targetHints":{"allow":["GET"]}}],"collection":[{"href":"https:\/\/www.visionweb.com.ar\/index.php?rest_route=\/wp\/v2\/posts"}],"about":[{"href":"https:\/\/www.visionweb.com.ar\/index.php?rest_route=\/wp\/v2\/types\/post"}],"author":[{"embeddable":true,"href":"https:\/\/www.visionweb.com.ar\/index.php?rest_route=\/wp\/v2\/users\/4"}],"replies":[{"embeddable":true,"href":"https:\/\/www.visionweb.com.ar\/index.php?rest_route=%2Fwp%2Fv2%2Fcomments&post=10516"}],"version-history":[{"count":1,"href":"https:\/\/www.visionweb.com.ar\/index.php?rest_route=\/wp\/v2\/posts\/10516\/revisions"}],"predecessor-version":[{"id":10519,"href":"https:\/\/www.visionweb.com.ar\/index.php?rest_route=\/wp\/v2\/posts\/10516\/revisions\/10519"}],"wp:featuredmedia":[{"embeddable":true,"href":"https:\/\/www.visionweb.com.ar\/index.php?rest_route=\/wp\/v2\/media\/10518"}],"wp:attachment":[{"href":"https:\/\/www.visionweb.com.ar\/index.php?rest_route=%2Fwp%2Fv2%2Fmedia&parent=10516"}],"wp:term":[{"taxonomy":"category","embeddable":true,"href":"https:\/\/www.visionweb.com.ar\/index.php?rest_route=%2Fwp%2Fv2%2Fcategories&post=10516"},{"taxonomy":"post_tag","embeddable":true,"href":"https:\/\/www.visionweb.com.ar\/index.php?rest_route=%2Fwp%2Fv2%2Ftags&post=10516"}],"curies":[{"name":"wp","href":"https:\/\/api.w.org\/{rel}","templated":true}]}}