{"id":10514,"date":"2023-05-04T12:29:34","date_gmt":"2023-05-04T15:29:34","guid":{"rendered":"https:\/\/www.visionweb.com.ar\/?p=10514"},"modified":"2023-05-04T12:29:34","modified_gmt":"2023-05-04T15:29:34","slug":"luego-de-las-criticas-el-indec-dio-marcha-atras-y-el-viernes-publica-el-ipc-de-abril","status":"publish","type":"post","link":"https:\/\/www.visionweb.com.ar\/?p=10514","title":{"rendered":"Luego de las cr\u00edticas el INDEC dio marcha atr\u00e1s y el viernes publica el IPC de abril"},"content":{"rendered":"<p><em><strong>Tras los cuestionamientos de la oposici\u00f3n y del periodismo, los datos del indec se conocer\u00e1n como estaba previsto inicialmente.<\/strong><\/em><!--more--><\/p>\n<p><strong><img loading=\"lazy\" decoding=\"async\" class=\"size-medium wp-image-322 alignright\" src=\"https:\/\/www.visionweb.com.ar\/wp-content\/uploads\/2020\/11\/INDEC-300x179.png\" alt=\"\" width=\"300\" height=\"179\" srcset=\"https:\/\/www.visionweb.com.ar\/wp-content\/uploads\/2020\/11\/INDEC-300x179.png 300w, https:\/\/www.visionweb.com.ar\/wp-content\/uploads\/2020\/11\/INDEC.png 640w\" sizes=\"auto, (max-width: 300px) 100vw, 300px\" \/>E<\/strong>l director del INDEC, Marco Lavagna, anunci\u00f3 que los cambios en el calendario de publicaciones quedar\u00e1n sin efecto y se difundir\u00e1n los informes t\u00e9cnicos en las fechas originalmente establecidas doce meses atr\u00e1s.<\/p>\n<p>Lavagna lament\u00f3 que la intenci\u00f3n de separar el trabajo estad\u00edstico del Instituto del proceso electoral fuera \u201cmalinterpretada y se despertaran suspicacias sobre la integridad de los equipos t\u00e9cnicos del INDEC\u201d<\/p>\n<p>\u201cConsideramos que es una buena pr\u00e1ctica no dar informaci\u00f3n estad\u00edstica en medio de la veda pero, dada la controversia ocasionada, las cuatro fechas se mantendr\u00e1n en su esquema establecido originalmente\u201d, indic\u00f3 el funcionario<\/p>\n<p>\u201cLes pedimos disculpas y a la brevedad estar\u00e1n restablecidas las fechas en el sitio web www.indec.gob.ar\u201c, se\u00f1al\u00f3 el INDEC. Por la ma\u00f1ana, el instituto de estad\u00edstica hab\u00eda anunciado la decisi\u00f3n de postergar la difusi\u00f3n del \u00edndice de inflaci\u00f3n de abril en medio de la tensi\u00f3n por la escalada de los precios.<\/p>\n<p>El organismo hab\u00eda trasladado la fecha de salida de la variaci\u00f3n del \u00cdndice de Precios al Consumidor (IPC) del viernes 12 de mayo al lunes 15.<\/p>\n<p>Desde el organismo hab\u00edan explicado que el calendario actual oficializado fue diagramado previo al anuncio de las fechas de elecciones en varias provincias y, en consecuencia, se detectaron salidas de informes que coincid\u00edan con vedas electorales, lo cual oblig\u00f3 a varios cambios.<\/p>\n<p>En el caso de la inflaci\u00f3n de abril, hab\u00eda explicado que deb\u00eda postergarse dado que el domingo 14 se vota en Salta, Tucum\u00e1n y Tierra del Fuego.<\/p>\n<p>Finalmente, tras los cuestionamientos de la oposici\u00f3n, los cambios quedaron sin efecto y los datos se conocer\u00e1n como estaba previsto inicialmente.<strong>(VW)<\/strong><\/p>\n<p>&nbsp;<\/p>\n","protected":false},"excerpt":{"rendered":"<p>Tras los cuestionamientos de la oposici\u00f3n y del periodismo, los datos del indec se conocer\u00e1n como estaba previsto inicialmente.<\/p>\n","protected":false},"author":3,"featured_media":322,"comment_status":"closed","ping_status":"closed","sticky":false,"template":"","format":"standard","meta":{"_monsterinsights_skip_tracking":false,"_monsterinsights_sitenote_active":false,"_monsterinsights_sitenote_note":"","_monsterinsights_sitenote_category":0,"footnotes":""},"categories":[3],"tags":[4357,4356,75,47],"class_list":["post-10514","post","type-post","status-publish","format-standard","has-post-thumbnail","hentry","category-actualidad","tag-calendarios","tag-fechas","tag-indec","tag-precios"],"_links":{"self":[{"href":"https:\/\/www.visionweb.com.ar\/index.php?rest_route=\/wp\/v2\/posts\/10514","targetHints":{"allow":["GET"]}}],"collection":[{"href":"https:\/\/www.visionweb.com.ar\/index.php?rest_route=\/wp\/v2\/posts"}],"about":[{"href":"https:\/\/www.visionweb.com.ar\/index.php?rest_route=\/wp\/v2\/types\/post"}],"author":[{"embeddable":true,"href":"https:\/\/www.visionweb.com.ar\/index.php?rest_route=\/wp\/v2\/users\/3"}],"replies":[{"embeddable":true,"href":"https:\/\/www.visionweb.com.ar\/index.php?rest_route=%2Fwp%2Fv2%2Fcomments&post=10514"}],"version-history":[{"count":1,"href":"https:\/\/www.visionweb.com.ar\/index.php?rest_route=\/wp\/v2\/posts\/10514\/revisions"}],"predecessor-version":[{"id":10515,"href":"https:\/\/www.visionweb.com.ar\/index.php?rest_route=\/wp\/v2\/posts\/10514\/revisions\/10515"}],"wp:featuredmedia":[{"embeddable":true,"href":"https:\/\/www.visionweb.com.ar\/index.php?rest_route=\/wp\/v2\/media\/322"}],"wp:attachment":[{"href":"https:\/\/www.visionweb.com.ar\/index.php?rest_route=%2Fwp%2Fv2%2Fmedia&parent=10514"}],"wp:term":[{"taxonomy":"category","embeddable":true,"href":"https:\/\/www.visionweb.com.ar\/index.php?rest_route=%2Fwp%2Fv2%2Fcategories&post=10514"},{"taxonomy":"post_tag","embeddable":true,"href":"https:\/\/www.visionweb.com.ar\/index.php?rest_route=%2Fwp%2Fv2%2Ftags&post=10514"}],"curies":[{"name":"wp","href":"https:\/\/api.w.org\/{rel}","templated":true}]}}