{"id":10512,"date":"2023-05-04T09:09:43","date_gmt":"2023-05-04T12:09:43","guid":{"rendered":"https:\/\/www.visionweb.com.ar\/?p=10512"},"modified":"2023-05-03T20:22:26","modified_gmt":"2023-05-03T23:22:26","slug":"covid-19-quienes-deben-vacunarse","status":"publish","type":"post","link":"https:\/\/www.visionweb.com.ar\/?p=10512","title":{"rendered":"Covid 19: Quienes deben vacunarse"},"content":{"rendered":"<p><strong><em>La CoNaIn (Comisi\u00f3n Nacional Interministerial) y las ministras y ministros de Salud de las 24 jurisdicciones, recomiendan que los grupos de mayor riesgo reciban una dosis de refuerzo si han transcurrido 6 meses desde la \u00faltima dosis.<\/em><\/strong><!--more--><\/p>\n<p><strong><img loading=\"lazy\" decoding=\"async\" class=\"size-medium wp-image-8633 alignright\" src=\"https:\/\/www.visionweb.com.ar\/wp-content\/uploads\/2022\/12\/ADROGUE-COVID-19-300x161.png\" alt=\"\" width=\"300\" height=\"161\" srcset=\"https:\/\/www.visionweb.com.ar\/wp-content\/uploads\/2022\/12\/ADROGUE-COVID-19-300x161.png 300w, https:\/\/www.visionweb.com.ar\/wp-content\/uploads\/2022\/12\/ADROGUE-COVID-19-768x412.png 768w, https:\/\/www.visionweb.com.ar\/wp-content\/uploads\/2022\/12\/ADROGUE-COVID-19.png 800w\" sizes=\"auto, (max-width: 300px) 100vw, 300px\" \/>E<\/strong>l Ministerio de Salud de la Naci\u00f3n actualiza las recomendaciones para la aplicaci\u00f3n de dosis de refuerzo contra COVID-19, seg\u00fan lo propuesto por la Comisi\u00f3n Nacional de Inmunizaciones (CoNaIn).<\/p>\n<p>La recomendaci\u00f3n tiene adem\u00e1s el consenso de las y los titulares de las carteras sanitarias de las 24 jurisdicciones y, recuerda que la estrategia de refuerzo es fundamental para mantener una protecci\u00f3n adecuada a fin de prevenir complicaciones, hospitalizaciones y muertes por esta enfermedad.<\/p>\n<p>As\u00ed, se recomienda que quienes se encuentren dentro de grupos con alto riesgo de desarrollar formas graves de enfermedad (personas de 50 a\u00f1os o mayores, personas con inmunocompromiso y personas gestantes) reciban una dosis de refuerzo contra COVID-19 si han transcurrido 6 meses desde la aplicaci\u00f3n de la \u00faltima dosis.<\/p>\n<p>La recomendaci\u00f3n alcanza a las personas que ya hayan recibido previamente refuerzos y respetando el intervalo m\u00ednimo de al menos 4 meses desde la \u00faltima dosis.<\/p>\n<p>Seg\u00fan el registro federal de vacunaci\u00f3n, 9.314.083 personas de 50 a\u00f1os o m\u00e1s no han recibido una dosis de refuerzo en los \u00faltimos 6 meses.<\/p>\n<p>Las personas menores de 50 a\u00f1os con comorbilidades (enfermedades cr\u00f3nicas y obesidad) y las personas con mayor riesgo de exposici\u00f3n (personal de salud) y funci\u00f3n estrat\u00e9gica se incluyen en el grupo de riesgo medio de experimentar enfermedad grave o muerte por infecci\u00f3n por COVID-19.<\/p>\n<p>La recomendaci\u00f3n para este grupo es que reciban un nuevo refuerzo a los 6 meses de la \u00faltima dosis aplicada, y posteriormente un refuerzo anual.<\/p>\n<p>Por \u00faltimo, las personas consideradas con bajo riesgo de complicaciones, es decir menores de 50 a\u00f1os sin comorbilidades, tienen disponible la vacunaci\u00f3n de refuerzo contra la COVID-19 y se recomienda que su aplicaci\u00f3n sea anual.<\/p>\n<p>Frente al comienzo de la temporada de oto\u00f1o-invierno y la consiguiente probabilidad de incremento en la circulaci\u00f3n del virus SARS-CoV-2, que se suma al comportamiento estacional del virus influenza, el Ministerio de Salud de la Naci\u00f3n insta a la poblaci\u00f3n a actualizar la aplicaci\u00f3n de dosis de refuerzo contra COVID-19.<\/p>\n<p>Asimismo, recomienda poner especial \u00e9nfasis en la oportunidad de coadministrar las vacunas contra COVID-19 y gripe como estrategia principal en los grupos priorizados, recordando que la protecci\u00f3n conferida por la vacunaci\u00f3n no es inmediata, sino que requiere de al menos 14 d\u00edas para generar una protecci\u00f3n adecuada<strong>(VW)<\/strong>.<\/p>\n<p>&nbsp;<\/p>\n","protected":false},"excerpt":{"rendered":"<p>La CoNaIn (Comisi\u00f3n Nacional Interministerial) y las ministras y ministros de Salud de las 24 jurisdicciones, recomiendan que los grupos de mayor riesgo reciban una dosis de refuerzo si han transcurrido 6 meses desde&#46;&#46;&#46;<\/p>\n","protected":false},"author":3,"featured_media":8633,"comment_status":"closed","ping_status":"closed","sticky":false,"template":"","format":"standard","meta":{"_monsterinsights_skip_tracking":false,"_monsterinsights_sitenote_active":false,"_monsterinsights_sitenote_note":"","_monsterinsights_sitenote_category":0,"footnotes":""},"categories":[8],"tags":[35,4355,2242,339],"class_list":["post-10512","post","type-post","status-publish","format-standard","has-post-thumbnail","hentry","category-interes-general","tag-covid-19","tag-otono-invierno","tag-refuerzo","tag-vacunacion"],"_links":{"self":[{"href":"https:\/\/www.visionweb.com.ar\/index.php?rest_route=\/wp\/v2\/posts\/10512","targetHints":{"allow":["GET"]}}],"collection":[{"href":"https:\/\/www.visionweb.com.ar\/index.php?rest_route=\/wp\/v2\/posts"}],"about":[{"href":"https:\/\/www.visionweb.com.ar\/index.php?rest_route=\/wp\/v2\/types\/post"}],"author":[{"embeddable":true,"href":"https:\/\/www.visionweb.com.ar\/index.php?rest_route=\/wp\/v2\/users\/3"}],"replies":[{"embeddable":true,"href":"https:\/\/www.visionweb.com.ar\/index.php?rest_route=%2Fwp%2Fv2%2Fcomments&post=10512"}],"version-history":[{"count":1,"href":"https:\/\/www.visionweb.com.ar\/index.php?rest_route=\/wp\/v2\/posts\/10512\/revisions"}],"predecessor-version":[{"id":10513,"href":"https:\/\/www.visionweb.com.ar\/index.php?rest_route=\/wp\/v2\/posts\/10512\/revisions\/10513"}],"wp:featuredmedia":[{"embeddable":true,"href":"https:\/\/www.visionweb.com.ar\/index.php?rest_route=\/wp\/v2\/media\/8633"}],"wp:attachment":[{"href":"https:\/\/www.visionweb.com.ar\/index.php?rest_route=%2Fwp%2Fv2%2Fmedia&parent=10512"}],"wp:term":[{"taxonomy":"category","embeddable":true,"href":"https:\/\/www.visionweb.com.ar\/index.php?rest_route=%2Fwp%2Fv2%2Fcategories&post=10512"},{"taxonomy":"post_tag","embeddable":true,"href":"https:\/\/www.visionweb.com.ar\/index.php?rest_route=%2Fwp%2Fv2%2Ftags&post=10512"}],"curies":[{"name":"wp","href":"https:\/\/api.w.org\/{rel}","templated":true}]}}