{"id":10509,"date":"2023-05-04T08:03:33","date_gmt":"2023-05-04T11:03:33","guid":{"rendered":"https:\/\/www.visionweb.com.ar\/?p=10509"},"modified":"2023-05-03T19:11:49","modified_gmt":"2023-05-03T22:11:49","slug":"actualizan-la-canasta-de-frutas-y-verduras-del-programa-precios-justos","status":"publish","type":"post","link":"https:\/\/www.visionweb.com.ar\/?p=10509","title":{"rendered":"Actualizan la canasta de frutas y verduras del programa Precios Justos"},"content":{"rendered":"<p><strong><em>Regir\u00e1n en el Amba hasta el 31 de mayo. Alcanzan a la papa; tomate redondo, zapallo anco, cebolla; acelga; manzana; pera $199; banana ecuatoriana y banana subtropical.<\/em><\/strong><!--more--><\/p>\n<p><strong>L<\/strong>a Secretar\u00eda de Comercio de la Naci\u00f3n actualiz\u00f3 la canasta de frutas y verduras de estaci\u00f3n de mayo, en el marco del programa Precios Justos, que se encuentra disponible en las grandes cadenas de supermercados del \u00c1rea Metropolitana de Buenos Aires.<\/p>\n<p><strong>Estos productos y precios estar\u00e1n vigentes (por kg) del 2 al 31 de mayo de 2023: papa negra: $179; tomate redondo: $459; zapallo anco: $149; cebolla: $170; acelga $339; manzana: $399; pera $199; banana ecuatoriana: $495; y banana subtropical: $399.<\/strong><\/p>\n<p>Respecto al mes anterior se destaca que la papa negra, el tomate redondo, el zapallo anco, la cebolla, la manzana y la pera mantuvieron su valor, as\u00ed como tambi\u00e9n el agregado de la acelga en esta ampliaci\u00f3n, destac\u00f3 la agencia T\u00e9lam.<\/p>\n<p><strong>Acuerdo<\/strong><\/p>\n<p>Estos precios son parte del acuerdo entre el Mercado Central de Buenos Aires y las c\u00e1maras de operadores frutihort\u00edcolas, en un trabajo en conjunto con la Secretar\u00eda de Comercio que establece dos canastas de frutas y verduras a precios mayoristas: una por 90 d\u00edas y otra por 30 d\u00edas.<\/p>\n<p>Los comerciantes minoristas podr\u00e1n conseguir estos productos en los puestos que se encuentran en el centro de abastecimiento.<\/p>\n<p>A trav\u00e9s de este acuerdo, desde el 2\/5 al 31\/7 el precio (por kilo en bulto y sin IVA) de la cebolla ser\u00e1 de $60; el del zapallo plomo, $100; el del lim\u00f3n comercial, $120; y el de la manzana crispy; $260.<\/p>\n<p>Adem\u00e1s, con vigencia desde el 2\/5 al 31\/5, el precio de la papa ser\u00e1 de $95; el del tomate redondo, $289; el de la zanahoria, $80; el de la acelga, $75; el del anco, $80; el de la banana Ecuador, $320; y el de la banana comercial, $270. Estos precios tambi\u00e9n son por kilo en bulto y sin IVA.<\/p>\n<p><strong>De esta forma, el verdulero o verdulera y comerciantes minoristas podr\u00e1n acceder a productos frutihort\u00edcolas de estaci\u00f3n, a precios accesibles para favorecer al bolsillo del consumidor final<\/strong>. Bajo la consigna \u201cA este precio compra el verdulero de tu barrio\u201d, la iniciativa busca tambi\u00e9n que los y las consumidores puedan tener un precio de referencia mayorista, a la hora de ir a hacer las compras.<\/p>\n<p>Forman parte del acuerdo la C\u00e1mara de Operadores Mayoristas Frutihort\u00edcolas, la C\u00e1mara de Operadores Frutihort\u00edcolas Mayoristas del Mercado Central de Buenos Aires y la C\u00e1mara Argentina de Bananas y Afines.<strong>(VW)<\/strong><\/p>\n","protected":false},"excerpt":{"rendered":"<p>Regir\u00e1n en el Amba hasta el 31 de mayo. Alcanzan a la papa; tomate redondo, zapallo anco, cebolla; acelga; manzana; pera $199; banana ecuatoriana y banana subtropical.<\/p>\n","protected":false},"author":3,"featured_media":4390,"comment_status":"closed","ping_status":"closed","sticky":false,"template":"","format":"standard","meta":{"_monsterinsights_skip_tracking":false,"_monsterinsights_sitenote_active":false,"_monsterinsights_sitenote_note":"","_monsterinsights_sitenote_category":0,"footnotes":""},"categories":[3,6],"tags":[30,4353,4354,47],"class_list":["post-10509","post","type-post","status-publish","format-standard","has-post-thumbnail","hentry","category-actualidad","category-economia","tag-canasta","tag-frutas-y-verduras","tag-mercado-central","tag-precios"],"_links":{"self":[{"href":"https:\/\/www.visionweb.com.ar\/index.php?rest_route=\/wp\/v2\/posts\/10509","targetHints":{"allow":["GET"]}}],"collection":[{"href":"https:\/\/www.visionweb.com.ar\/index.php?rest_route=\/wp\/v2\/posts"}],"about":[{"href":"https:\/\/www.visionweb.com.ar\/index.php?rest_route=\/wp\/v2\/types\/post"}],"author":[{"embeddable":true,"href":"https:\/\/www.visionweb.com.ar\/index.php?rest_route=\/wp\/v2\/users\/3"}],"replies":[{"embeddable":true,"href":"https:\/\/www.visionweb.com.ar\/index.php?rest_route=%2Fwp%2Fv2%2Fcomments&post=10509"}],"version-history":[{"count":2,"href":"https:\/\/www.visionweb.com.ar\/index.php?rest_route=\/wp\/v2\/posts\/10509\/revisions"}],"predecessor-version":[{"id":10511,"href":"https:\/\/www.visionweb.com.ar\/index.php?rest_route=\/wp\/v2\/posts\/10509\/revisions\/10511"}],"wp:featuredmedia":[{"embeddable":true,"href":"https:\/\/www.visionweb.com.ar\/index.php?rest_route=\/wp\/v2\/media\/4390"}],"wp:attachment":[{"href":"https:\/\/www.visionweb.com.ar\/index.php?rest_route=%2Fwp%2Fv2%2Fmedia&parent=10509"}],"wp:term":[{"taxonomy":"category","embeddable":true,"href":"https:\/\/www.visionweb.com.ar\/index.php?rest_route=%2Fwp%2Fv2%2Fcategories&post=10509"},{"taxonomy":"post_tag","embeddable":true,"href":"https:\/\/www.visionweb.com.ar\/index.php?rest_route=%2Fwp%2Fv2%2Ftags&post=10509"}],"curies":[{"name":"wp","href":"https:\/\/api.w.org\/{rel}","templated":true}]}}