{"id":10501,"date":"2023-05-03T13:59:53","date_gmt":"2023-05-03T16:59:53","guid":{"rendered":"https:\/\/www.visionweb.com.ar\/?p=10501"},"modified":"2023-05-03T13:59:53","modified_gmt":"2023-05-03T16:59:53","slug":"indec-la-inflacion-de-abril-se-conocera-recien-el-lunes-15-de-mayo","status":"publish","type":"post","link":"https:\/\/www.visionweb.com.ar\/?p=10501","title":{"rendered":"INDEC: La inflaci\u00f3n de abril se conocer\u00e1 reci\u00e9n el lunes 15 de mayo"},"content":{"rendered":"<p><em><strong>El organismo indic\u00f3 que la inflaci\u00f3n de abril qued\u00f3 postergada por las elecciones del domingo 14 en las provincias de La Pampa, San Juan. Salta, Tucum\u00e1n y Tierra del Fuego. Hubo otros cambios.<\/strong><\/em><!--more--><\/p>\n<p><img loading=\"lazy\" decoding=\"async\" class=\"size-full wp-image-10503 alignright\" src=\"https:\/\/www.visionweb.com.ar\/wp-content\/uploads\/2023\/05\/Indec.png\" alt=\"\" width=\"300\" height=\"168\" \/>\u00a0 <strong>E<\/strong>l Instituto Nacional de Estad\u00edstica y Censos (INDEC)\u00a0<strong>posterg\u00f3 la difusi\u00f3n del \u00edndice de inflaci\u00f3n\u00a0<\/strong><strong>de<\/strong> <strong>abril<\/strong>, que estaba prevista para el viernes 12 de mayo, y en medio de la tensi\u00f3n por la escalada de los precios, se conocer\u00e1 reci\u00e9n el lunes 15.<\/p>\n<p>De esta manera la variaci\u00f3n del \u00cdndice de Precios al Consumidor (IPC)\u00a0se conocer\u00e1 3 d\u00edas despu\u00e9s de lo estipulado.<\/p>\n<p>Desde el organismo se explic\u00f3 que el calendario actual oficializado fue diagramado previo al\u00a0<strong>anuncio de las fechas de elecciones\u00a0<\/strong>en varias provincias, y en consecuencia se detectaron salidas de <strong>informes<\/strong> <strong>que<\/strong> <strong>coincid\u00edan<\/strong> <strong>con<\/strong> <strong>vedas<\/strong> <strong>electorales<\/strong>, lo cual oblig\u00f3 a varios cambios.<\/p>\n<p>En el caso de la inflaci\u00f3n de abril tuvo que postergarse dado que el domingo 14 se vota en La Pampa, San Juan. Salta, Tucum\u00e1n y Tierra del Fuego.<\/p>\n<p><strong>Otros cambios:<\/strong><\/p>\n<p>En <strong>Junio<\/strong> se traslada del viernes 23 al mi\u00e9rcoles 28, el<strong>\u00a0informe sobre ventas<\/strong>\u00a0en supermercados, mayoristas y centros de compras. En este caso se pasa al mi\u00e9rcoles porque el lunes 26 ya tiene otros tres informes calendarizados.<\/p>\n<p>En el mes de <strong>Octubre<\/strong> se pasa del viernes 20 al lunes 23 el informe sobre la\u00a0<strong>balanza comercial, <\/strong>ya que el domingo 22 ser\u00e1n las elecciones generales.<\/p>\n<p>En <strong>Noviembre<\/strong> se pas\u00f3 del viernes 17 al lunes 20, el<strong>\u00a0informe sobre intercambio comercial,\u00a0 <\/strong>en caso de un eventual balotage, que se realizar\u00eda el domingo 19.<\/p>\n<p>La discusi\u00f3n por el nivel de precios acumul\u00f3 tensiones en las \u00faltimas semanas porque la disparada del d\u00f3lar impact\u00f3 en todos los sectores de la econom\u00eda y los analistas apuntan a que la inflaci\u00f3n de abril se ubicar\u00eda<strong>\u00a0cerca del 8%<\/strong>.\u00a0<strong>(VW)<\/strong><\/p>\n<p>&nbsp;<\/p>\n<p>&nbsp;<\/p>\n","protected":false},"excerpt":{"rendered":"<p>El organismo indic\u00f3 que la inflaci\u00f3n de abril qued\u00f3 postergada por las elecciones del domingo 14 en las provincias de La Pampa, San Juan. Salta, Tucum\u00e1n y Tierra del Fuego. Hubo otros cambios.<\/p>\n","protected":false},"author":4,"featured_media":10503,"comment_status":"closed","ping_status":"closed","sticky":false,"template":"","format":"standard","meta":{"_monsterinsights_skip_tracking":false,"_monsterinsights_sitenote_active":false,"_monsterinsights_sitenote_note":"","_monsterinsights_sitenote_category":0,"footnotes":""},"categories":[6,8],"tags":[75,4350,327,4351],"class_list":["post-10501","post","type-post","status-publish","format-standard","has-post-thumbnail","hentry","category-economia","category-interes-general","tag-indec","tag-inflacion-de-abril","tag-ipc","tag-postergan-difusion"],"_links":{"self":[{"href":"https:\/\/www.visionweb.com.ar\/index.php?rest_route=\/wp\/v2\/posts\/10501","targetHints":{"allow":["GET"]}}],"collection":[{"href":"https:\/\/www.visionweb.com.ar\/index.php?rest_route=\/wp\/v2\/posts"}],"about":[{"href":"https:\/\/www.visionweb.com.ar\/index.php?rest_route=\/wp\/v2\/types\/post"}],"author":[{"embeddable":true,"href":"https:\/\/www.visionweb.com.ar\/index.php?rest_route=\/wp\/v2\/users\/4"}],"replies":[{"embeddable":true,"href":"https:\/\/www.visionweb.com.ar\/index.php?rest_route=%2Fwp%2Fv2%2Fcomments&post=10501"}],"version-history":[{"count":1,"href":"https:\/\/www.visionweb.com.ar\/index.php?rest_route=\/wp\/v2\/posts\/10501\/revisions"}],"predecessor-version":[{"id":10504,"href":"https:\/\/www.visionweb.com.ar\/index.php?rest_route=\/wp\/v2\/posts\/10501\/revisions\/10504"}],"wp:featuredmedia":[{"embeddable":true,"href":"https:\/\/www.visionweb.com.ar\/index.php?rest_route=\/wp\/v2\/media\/10503"}],"wp:attachment":[{"href":"https:\/\/www.visionweb.com.ar\/index.php?rest_route=%2Fwp%2Fv2%2Fmedia&parent=10501"}],"wp:term":[{"taxonomy":"category","embeddable":true,"href":"https:\/\/www.visionweb.com.ar\/index.php?rest_route=%2Fwp%2Fv2%2Fcategories&post=10501"},{"taxonomy":"post_tag","embeddable":true,"href":"https:\/\/www.visionweb.com.ar\/index.php?rest_route=%2Fwp%2Fv2%2Ftags&post=10501"}],"curies":[{"name":"wp","href":"https:\/\/api.w.org\/{rel}","templated":true}]}}