{"id":10491,"date":"2023-05-02T15:13:16","date_gmt":"2023-05-02T18:13:16","guid":{"rendered":"https:\/\/www.visionweb.com.ar\/?p=10491"},"modified":"2023-05-02T15:13:16","modified_gmt":"2023-05-02T18:13:16","slug":"docentes-bonaerenses-se-reunieron-con-autoridades-por-reclamo-salarial","status":"publish","type":"post","link":"https:\/\/www.visionweb.com.ar\/?p=10491","title":{"rendered":"Docentes bonaerenses se reunieron con autoridades por reclamo salarial"},"content":{"rendered":"<p><em><strong>Ped\u00edan una cl\u00e1usula gatillo, aunque no hubo una oferta concreta del Gobierno. Ma\u00f1ana se re\u00fane ATE.<\/strong><\/em><!--more--><\/p>\n<p><img loading=\"lazy\" decoding=\"async\" class=\"size-full wp-image-10492 alignright\" src=\"https:\/\/www.visionweb.com.ar\/wp-content\/uploads\/2023\/05\/docentes.png\" alt=\"\" width=\"270\" height=\"152\" \/>\u00a0 <strong>Representantes de Frente de Unidad Docente Bonaerense (FUDB) fueron recibidos este martes por las autoridades<\/strong>, con el pedido de activar la cl\u00e1usula gatillo\u00a0y monitoreo con el fin de renegociar la paritaria, \u00a0frente a la fuerte escalada de la inflaci\u00f3n<\/p>\n<p>El\u00a0<strong>encuentro finaliz\u00f3 sin una oferta concreta<\/strong>\u00a0de recomposici\u00f3n salarial por parte de Gobierno bonaerense, en un cara a cara que sostuvieron con los gremios que integran el\u00a0<strong>Frente de Unidad Docente Bonaerense<\/strong>\u00a0(Fudb). El encuentro se llev\u00f3 a cabo en la sede del Ministerio de Trabajo de las calles 7 y 39.<\/p>\n<p><strong>Ma\u00f1ana por la tarde ser\u00e1 entonces, el turno de ATE bonaerense, estatales que est\u00e1n<\/strong>\u00a0comprendidos por los alcances de la Ley 10.430 de empleo p\u00fablico.<\/p>\n<p>En ese sentido, Roberto Baradell (SUTEBA), asegur\u00f3 hoy: \u201cNecesitamos urgente una readecuaci\u00f3n del acuerdo salarial por la escalada inflacionaria\u201d.<\/p>\n<p><strong>\u00a0\u201cPedimos que adelanten a mayo los tramos pautados para junio, un aumento de marzo que nos ponga por arriba de la inflaci\u00f3n y una suba para julio. Preferimos no hablar de porcentajes, porque estamos conversando, pero s\u00ed les remarcamos que en esta semana volvamos a reunirnos porque hay necesidad de que sea r\u00e1pido\u201d<\/strong>, precis\u00f3 el dirigente gremial.<\/p>\n<p>Cabe mencionar que Baradel, es referente de Suteba, uno de los cinco sindicatos que forma parte del FUDB (AMET, FEB, Udocba y Sadop).<\/p>\n<p>En febrero, el Gobierno y los sindicatos acordaron un incremento promedio en tres tramos de 20% en marzo, 6% en mayo y 14% en julio (totalizando un\u00a040% en los primeros siete meses del a\u00f1o). Ello incluy\u00f3 una cl\u00e1usula de revisi\u00f3n en mayo, y el compromiso del Ejecutivo provincial de reabrir la negociaci\u00f3n en agosto. <strong>(VW)<\/strong><\/p>\n<p>&nbsp;<\/p>\n<p>&nbsp;<\/p>\n","protected":false},"excerpt":{"rendered":"<p>Ped\u00edan una cl\u00e1usula gatillo, aunque no hubo una oferta concreta del Gobierno. Ma\u00f1ana se re\u00fane ATE.<\/p>\n","protected":false},"author":4,"featured_media":10492,"comment_status":"closed","ping_status":"closed","sticky":false,"template":"","format":"standard","meta":{"_monsterinsights_skip_tracking":false,"_monsterinsights_sitenote_active":false,"_monsterinsights_sitenote_note":"","_monsterinsights_sitenote_category":0,"footnotes":""},"categories":[4,5],"tags":[2719,3963,410,4349,621],"class_list":["post-10491","post","type-post","status-publish","format-standard","has-post-thumbnail","hentry","category-politica","category-sociedad","tag-ate","tag-baradell","tag-docentes","tag-recomposicion-salarial","tag-reunion"],"_links":{"self":[{"href":"https:\/\/www.visionweb.com.ar\/index.php?rest_route=\/wp\/v2\/posts\/10491","targetHints":{"allow":["GET"]}}],"collection":[{"href":"https:\/\/www.visionweb.com.ar\/index.php?rest_route=\/wp\/v2\/posts"}],"about":[{"href":"https:\/\/www.visionweb.com.ar\/index.php?rest_route=\/wp\/v2\/types\/post"}],"author":[{"embeddable":true,"href":"https:\/\/www.visionweb.com.ar\/index.php?rest_route=\/wp\/v2\/users\/4"}],"replies":[{"embeddable":true,"href":"https:\/\/www.visionweb.com.ar\/index.php?rest_route=%2Fwp%2Fv2%2Fcomments&post=10491"}],"version-history":[{"count":1,"href":"https:\/\/www.visionweb.com.ar\/index.php?rest_route=\/wp\/v2\/posts\/10491\/revisions"}],"predecessor-version":[{"id":10493,"href":"https:\/\/www.visionweb.com.ar\/index.php?rest_route=\/wp\/v2\/posts\/10491\/revisions\/10493"}],"wp:featuredmedia":[{"embeddable":true,"href":"https:\/\/www.visionweb.com.ar\/index.php?rest_route=\/wp\/v2\/media\/10492"}],"wp:attachment":[{"href":"https:\/\/www.visionweb.com.ar\/index.php?rest_route=%2Fwp%2Fv2%2Fmedia&parent=10491"}],"wp:term":[{"taxonomy":"category","embeddable":true,"href":"https:\/\/www.visionweb.com.ar\/index.php?rest_route=%2Fwp%2Fv2%2Fcategories&post=10491"},{"taxonomy":"post_tag","embeddable":true,"href":"https:\/\/www.visionweb.com.ar\/index.php?rest_route=%2Fwp%2Fv2%2Ftags&post=10491"}],"curies":[{"name":"wp","href":"https:\/\/api.w.org\/{rel}","templated":true}]}}