{"id":10487,"date":"2023-05-02T11:35:05","date_gmt":"2023-05-02T14:35:05","guid":{"rendered":"https:\/\/www.visionweb.com.ar\/?p=10487"},"modified":"2023-05-02T11:35:05","modified_gmt":"2023-05-02T14:35:05","slug":"se-lanzo-el-programa-avellaneda-fomenta-el-trabajo","status":"publish","type":"post","link":"https:\/\/www.visionweb.com.ar\/?p=10487","title":{"rendered":"Se lanz\u00f3 el programa Avellaneda Fomenta el Trabajo"},"content":{"rendered":"<p class=\"pt-4\"><em><strong>Fue en el marco de la Expo Mundo Oficio y apunta a la creaci\u00f3n de 1000 nuevos empleos en la ciudad. El acuerdo cuenta con la adhesi\u00f3n de la CGT regional Avellaneda-Lan\u00fas y otras fuerzas vivas.\u00a0<\/strong><\/em><!--more--><\/p>\n<div id=\"attachment_10488\" style=\"width: 310px\" class=\"wp-caption alignright\"><img loading=\"lazy\" decoding=\"async\" aria-describedby=\"caption-attachment-10488\" class=\"wp-image-10488 size-medium\" src=\"https:\/\/www.visionweb.com.ar\/wp-content\/uploads\/2023\/05\/AVELLANEDA-300x169.png\" alt=\"\" width=\"300\" height=\"169\" srcset=\"https:\/\/www.visionweb.com.ar\/wp-content\/uploads\/2023\/05\/AVELLANEDA-300x169.png 300w, https:\/\/www.visionweb.com.ar\/wp-content\/uploads\/2023\/05\/AVELLANEDA.png 640w\" sizes=\"auto, (max-width: 300px) 100vw, 300px\" \/><p id=\"caption-attachment-10488\" class=\"wp-caption-text\"><em><strong>El Gobierno de Avellaneda present\u00f3 un programa de empleo(Foto: Prensa Avellaneda)<\/strong><\/em><\/p><\/div>\n<p><strong>E<\/strong>n el marco de Expo Mundo Oficio, <span style=\"color: #008000;\"><em><strong>\u00a0<\/strong><\/em><span style=\"color: #000000;\">encuentro<\/span><\/span> que se desarroll\u00f3 en el Parque La Estaci\u00f3n, entre el 28, y el 30 de abril, se present\u00f3 el <span style=\"color: #008000;\"><em><strong>programa Avellaneda Fomenta el Trabajo.<\/strong><\/em><\/span> .<\/p>\n<p>Mediante \u00e9sta propuesta la comuna acompa\u00f1a la creaci\u00f3n de 1000 nuevos puestos de trabajo, a trav\u00e9s de la articulaci\u00f3n con el sector privado.<\/p>\n<p>La presentaci\u00f3n del programa se hizo en un acto presidido por el intendente de Avellaneda, Jorge Ferraresi, acompa\u00f1ado por el ministro de Trabajo de la Provincia de Buenos Aires, Walter Correa y la jefa de Gabinete local, Magdalena Sierra.<\/p>\n<p>En ese marco, el jefe comunal present\u00f3\u00a0 el Programa a las empresas que al incorporar trabajadores o trabajadoras recibir\u00e1n un subsidio mensual consistente en el 50% del valor del salario m\u00ednimo, vital y m\u00f3vil, durante 12 meses desde su implementaci\u00f3n.<\/p>\n<p>Entre los sectores que acompa\u00f1an la iniciativa y firmaron su adhesi\u00f3n, se encuentra la CGT regional Avellaneda-Lan\u00fas, la Uni\u00f3n Industrial de Avellaneda, el Consorcio del Puerto de Dock Sud, El Frente Productivo de Avellaneda, los centros de Comerciantes de Avellaneda y Wilde, el Parque Industrial de Villa Luj\u00e1n y el centro de Panaderos de Avellaneda, entre otros.<\/p>\n<p>\u201cCon esta propuesta generamos trabajo y lo hacemos en este \u00e1mbito de una muestra que pone en valor el conocimiento y la formaci\u00f3n laboral\u201d, expres\u00f3 el intendente local en su discurso.<\/p>\n<p>Por otra parte, la Municipalidad de Avellaneda y el Ministerio de Trabajo provincial firmaron un convenio marco de colaboraci\u00f3n entre ambas partes. Al respecto, el ministro Correa, remarc\u00f3 que \u201cFerraresi jam\u00e1s le fall\u00f3 a los trabajadores y trabajadoras\u201d.<\/p>\n<p>La expo Mundo Oficio invita a conocer los procesos productivos a partir de la experiencia y el intercambio con especialistas del sector, quienes exponen su desarrollo mediante charlas y demostraciones. La muestra tambi\u00e9n cuenta con espacios recreativos, gastron\u00f3micos y para gestionar la tarjeta de descuentos Somos A.<\/p>\n<p>M\u00e1s informaci\u00f3n en\u00a0<a href=\"http:\/\/www.laestacionmda.gob.ar\/mundo-oficio\" data-saferedirecturl=\"https:\/\/www.google.com\/url?q=http:\/\/www.laestacionmda.gob.ar\/mundo-oficio&amp;source=gmail&amp;ust=1683117059053000&amp;usg=AOvVaw06475B_05hYw5GkTJMHKG9\">www.laestacionmda.gob.ar\/mundo-oficio.\u00a0<\/a><\/p>\n<p><strong>(VW)<\/strong><\/p>\n","protected":false},"excerpt":{"rendered":"<p>Fue en el marco de la Expo Mundo Oficio y apunta a la creaci\u00f3n de 1000 nuevos empleos en la ciudad. El acuerdo cuenta con la adhesi\u00f3n de la CGT regional Avellaneda-Lan\u00fas y otras&#46;&#46;&#46;<\/p>\n","protected":false},"author":3,"featured_media":10488,"comment_status":"closed","ping_status":"closed","sticky":false,"template":"","format":"standard","meta":{"_monsterinsights_skip_tracking":false,"_monsterinsights_sitenote_active":false,"_monsterinsights_sitenote_note":"","_monsterinsights_sitenote_category":0,"footnotes":""},"categories":[749],"tags":[83,271,242],"class_list":["post-10487","post","type-post","status-publish","format-standard","has-post-thumbnail","hentry","category-pymes","tag-avellaneda","tag-programa","tag-trabajo"],"_links":{"self":[{"href":"https:\/\/www.visionweb.com.ar\/index.php?rest_route=\/wp\/v2\/posts\/10487","targetHints":{"allow":["GET"]}}],"collection":[{"href":"https:\/\/www.visionweb.com.ar\/index.php?rest_route=\/wp\/v2\/posts"}],"about":[{"href":"https:\/\/www.visionweb.com.ar\/index.php?rest_route=\/wp\/v2\/types\/post"}],"author":[{"embeddable":true,"href":"https:\/\/www.visionweb.com.ar\/index.php?rest_route=\/wp\/v2\/users\/3"}],"replies":[{"embeddable":true,"href":"https:\/\/www.visionweb.com.ar\/index.php?rest_route=%2Fwp%2Fv2%2Fcomments&post=10487"}],"version-history":[{"count":1,"href":"https:\/\/www.visionweb.com.ar\/index.php?rest_route=\/wp\/v2\/posts\/10487\/revisions"}],"predecessor-version":[{"id":10490,"href":"https:\/\/www.visionweb.com.ar\/index.php?rest_route=\/wp\/v2\/posts\/10487\/revisions\/10490"}],"wp:featuredmedia":[{"embeddable":true,"href":"https:\/\/www.visionweb.com.ar\/index.php?rest_route=\/wp\/v2\/media\/10488"}],"wp:attachment":[{"href":"https:\/\/www.visionweb.com.ar\/index.php?rest_route=%2Fwp%2Fv2%2Fmedia&parent=10487"}],"wp:term":[{"taxonomy":"category","embeddable":true,"href":"https:\/\/www.visionweb.com.ar\/index.php?rest_route=%2Fwp%2Fv2%2Fcategories&post=10487"},{"taxonomy":"post_tag","embeddable":true,"href":"https:\/\/www.visionweb.com.ar\/index.php?rest_route=%2Fwp%2Fv2%2Ftags&post=10487"}],"curies":[{"name":"wp","href":"https:\/\/api.w.org\/{rel}","templated":true}]}}