{"id":10482,"date":"2023-05-02T08:56:13","date_gmt":"2023-05-02T11:56:13","guid":{"rendered":"https:\/\/www.visionweb.com.ar\/?p=10482"},"modified":"2023-05-02T08:58:08","modified_gmt":"2023-05-02T11:58:08","slug":"ca-esteban-bullrich-presento-en-san-nicolas-los-doce-puntos-del-gran-acuerdo-nacional","status":"publish","type":"post","link":"https:\/\/www.visionweb.com.ar\/?p=10482","title":{"rendered":"Esteban Bullrich present\u00f3 en San Nicol\u00e1s los doce puntos del Gran Acuerdo Nacional"},"content":{"rendered":"<p><em><strong>Tal como se adelant\u00f3, estuvo presente en la localidad de San Nicol\u00e1s. Lo acompa\u00f1o el l\u00edder del Frente Patria Grande, Juan Grabois.<\/strong><\/em><!--more--><\/p>\n<div id=\"attachment_10483\" style=\"width: 310px\" class=\"wp-caption alignright\"><img loading=\"lazy\" decoding=\"async\" aria-describedby=\"caption-attachment-10483\" class=\"wp-image-10483 size-medium\" src=\"https:\/\/www.visionweb.com.ar\/wp-content\/uploads\/2023\/05\/BULLRICH-300x199.png\" alt=\"\" width=\"300\" height=\"199\" srcset=\"https:\/\/www.visionweb.com.ar\/wp-content\/uploads\/2023\/05\/BULLRICH-300x199.png 300w, https:\/\/www.visionweb.com.ar\/wp-content\/uploads\/2023\/05\/BULLRICH.png 640w\" sizes=\"auto, (max-width: 300px) 100vw, 300px\" \/><p id=\"caption-attachment-10483\" class=\"wp-caption-text\"><em><strong>Esteban Bullrich, junto a Juan Grabois en San Nicol\u00e1s (Foto: DIB) <\/strong><\/em><\/p><\/div>\n<p><strong>E<\/strong>l ex senador y ex ministro de Educaci\u00f3n, Esteban Bullrich, encabez\u00f3 en San Nicol\u00e1s el encuentro para el Gran Acuerdo Nacional.<\/p>\n<p>Bullrich pudo asistir a pesar del cuadro avanzado que atraviesa de Esclerosis Lateral Amiotr\u00f3fica (ELA). Estuvo acompa\u00f1ado por por sus hijos y su esposa Mar\u00eda Eugenia.<\/p>\n<p>\u201cCreo que lo que nos une es m\u00e1s fuerte de lo que nos separa. Esta maldita grieta que tanto da\u00f1o nos ha hecho no es m\u00e1s real que los miles de puntos de encuentro que tuvimos y seguiremos teniendo. Quise poner el foco en las cosas de donde podemos hacer fuerza para salir adelante\u201d, dijo Bullrich en el acto en San Nicol\u00e1s, que congreg\u00f3 a dirigentes de la oposici\u00f3n y del oficialismo.<\/p>\n<p>Asimismo, realiz\u00f3 una autocr\u00edtica en nombre de los dirigentes pol\u00edticos del pa\u00eds, al afirmar que \u201cest\u00e1n demasiado de acuerdo con lo que piensan y se han pasado demasiados a\u00f1os sacando provecho electoral de dividir a la gente\u201d.<\/p>\n<p>\u201cTenemos que bajar la inflaci\u00f3n y que crecer y producir m\u00e1s. No se arregla con control de precios, ni cepo a las exportaciones, pero tampoco solo reduciendo el gasto fiscal o emitiendo menos. Se requieren pautas que se cumplan respecto de la administraci\u00f3n del Estado as\u00ed como de las obligaciones y metas del gobierno federal y las provincias\u201d, indic\u00f3 el exsenador.<\/p>\n<p>Entre los referentes pol\u00edticos que asistieron a la convocatoria de Bullrich estuvieron la legisladora porte\u00f1a Ofelia Fern\u00e1ndez, y la diputada nacional Natalia Zaracho, y el dirigente social y precandidato presidencial por el Frente de Todos (FdT) Juan Grabois.<\/p>\n<p>\u201cVimos una convocatoria sincera, humana, de una persona que est\u00e1 pasando un momento dif\u00edcil de su vida buscando un punto de coincidencia que nos una entre argentinos. Creemos que cuando hay un gesto de humanidad como este es una oportunidad, un milagro, que nos permite discutir\u201d, dijo Grabois.<\/p>\n<p>El dirigente social remarc\u00f3 que \u201cm\u00e1s all\u00e1 de las enormes diferencias\u201d que tienen con Bullrich, su iniciativa es \u201cun llamamiento que nos pareci\u00f3 genuino\u201d y aprovech\u00f3 la instancia para tambi\u00e9n acercar su propuesta.<\/p>\n<p>\u201cHoy present\u00e9 en San Nicol\u00e1s un nuevo acuerdo compuesto por 12 puntos que reun\u00ed tras dialogar con dirigentes pol\u00edticos, empresarios, sindicalistas y la sociedad civil de todo el espectro ideol\u00f3gico\u201d, poste\u00f3 Bullrich tras el encuentro en su cuenta de Twitter, donde enumer\u00f3 en placas blancas esas ideas<strong>(VW)<\/strong>.<\/p>\n<p>Fuente: Agencia DIB<\/p>\n","protected":false},"excerpt":{"rendered":"<p>Tal como se adelant\u00f3, estuvo presente en la localidad de San Nicol\u00e1s. Lo acompa\u00f1o el l\u00edder del Frente Patria Grande, Juan Grabois.<\/p>\n","protected":false},"author":3,"featured_media":10483,"comment_status":"closed","ping_status":"closed","sticky":false,"template":"","format":"standard","meta":{"_monsterinsights_skip_tracking":false,"_monsterinsights_sitenote_active":false,"_monsterinsights_sitenote_note":"","_monsterinsights_sitenote_category":0,"footnotes":""},"categories":[4],"tags":[4348,380,504,1868],"class_list":["post-10482","post","type-post","status-publish","format-standard","has-post-thumbnail","hentry","category-politica","tag-12-puntos","tag-acuerdo","tag-bullrich","tag-san-nicolas"],"_links":{"self":[{"href":"https:\/\/www.visionweb.com.ar\/index.php?rest_route=\/wp\/v2\/posts\/10482","targetHints":{"allow":["GET"]}}],"collection":[{"href":"https:\/\/www.visionweb.com.ar\/index.php?rest_route=\/wp\/v2\/posts"}],"about":[{"href":"https:\/\/www.visionweb.com.ar\/index.php?rest_route=\/wp\/v2\/types\/post"}],"author":[{"embeddable":true,"href":"https:\/\/www.visionweb.com.ar\/index.php?rest_route=\/wp\/v2\/users\/3"}],"replies":[{"embeddable":true,"href":"https:\/\/www.visionweb.com.ar\/index.php?rest_route=%2Fwp%2Fv2%2Fcomments&post=10482"}],"version-history":[{"count":3,"href":"https:\/\/www.visionweb.com.ar\/index.php?rest_route=\/wp\/v2\/posts\/10482\/revisions"}],"predecessor-version":[{"id":10486,"href":"https:\/\/www.visionweb.com.ar\/index.php?rest_route=\/wp\/v2\/posts\/10482\/revisions\/10486"}],"wp:featuredmedia":[{"embeddable":true,"href":"https:\/\/www.visionweb.com.ar\/index.php?rest_route=\/wp\/v2\/media\/10483"}],"wp:attachment":[{"href":"https:\/\/www.visionweb.com.ar\/index.php?rest_route=%2Fwp%2Fv2%2Fmedia&parent=10482"}],"wp:term":[{"taxonomy":"category","embeddable":true,"href":"https:\/\/www.visionweb.com.ar\/index.php?rest_route=%2Fwp%2Fv2%2Fcategories&post=10482"},{"taxonomy":"post_tag","embeddable":true,"href":"https:\/\/www.visionweb.com.ar\/index.php?rest_route=%2Fwp%2Fv2%2Ftags&post=10482"}],"curies":[{"name":"wp","href":"https:\/\/api.w.org\/{rel}","templated":true}]}}