{"id":10473,"date":"2023-04-30T09:34:55","date_gmt":"2023-04-30T12:34:55","guid":{"rendered":"https:\/\/www.visionweb.com.ar\/?p=10473"},"modified":"2023-04-30T09:36:19","modified_gmt":"2023-04-30T12:36:19","slug":"congreso-gen-fuerte-apuesta-a-la-unidad","status":"publish","type":"post","link":"https:\/\/www.visionweb.com.ar\/?p=10473","title":{"rendered":"Congreso GEN: Fuerte apuesta a la unidad"},"content":{"rendered":"<p><em><strong>Con la presencia de los precandidatos a la gobernaci\u00f3n, M\u00e1ximo Abad y Diego Santilli cerr\u00f3 el Congreso\u00a0 del GEN. Margarita Stolbizer apost\u00f3 a la unidad y a una base program\u00e1tica.<\/strong><\/em><!--more--><\/p>\n<p><strong><img loading=\"lazy\" decoding=\"async\" class=\"size-medium wp-image-10474 alignright\" src=\"https:\/\/www.visionweb.com.ar\/wp-content\/uploads\/2023\/04\/CONGRESO-ANUAL-300x225.jpeg\" alt=\"\" width=\"300\" height=\"225\" srcset=\"https:\/\/www.visionweb.com.ar\/wp-content\/uploads\/2023\/04\/CONGRESO-ANUAL-300x225.jpeg 300w, https:\/\/www.visionweb.com.ar\/wp-content\/uploads\/2023\/04\/CONGRESO-ANUAL-320x240.jpeg 320w, https:\/\/www.visionweb.com.ar\/wp-content\/uploads\/2023\/04\/CONGRESO-ANUAL.jpeg 640w\" sizes=\"auto, (max-width: 300px) 100vw, 300px\" \/>LA PLATA.<\/strong> En un marco multitudinario se desarroll\u00f3 este sabado el Congreso del Partido GEN de la Provincia de Buenos Aires con los precandidatos a gobernador de JUNTOS.<\/p>\n<p>El mitin tuvo como principales protagonistas a Diego Santilli y Maxi Abad, el Intendente platense Julio Garro y la Presidenta nacional de esta agrupaci\u00f3n pol\u00edtica, Margarita Stolbizer, quienes dieron inicio al conclave partidario bajo la consigna \u00ab40 a\u00f1os de Democracia &#8211; Desaf\u00edos para transformar la Provincia de Buenos Aires\u00bb.<\/p>\n<p>Ambos precandidatos analizaron la angustiante situaci\u00f3n en que ha dejado el populismo a la Provincia y necesidad de fortalecer la coalicion opositora con ejes programaticos que atiendan los problemas de las y los bonaerenses.\u00a0Ambos dirigentes reafirmaron su compromiso con la unidad de Juntos por el Cambio.<\/p>\n<p>A su vez, el Presidente del Congreso, Omar Duclos y la Presidenta de GEN Julia Romero, reafirmaron la necesidad de institucionalizar el espacio opositor y la participaci\u00f3n real en la toma de decisiones.<\/p>\n<p>El Congreso del GEN bonaerense ratific\u00f3 su pertenencia a la Coalici\u00f3n JUNTOS y en el encuentro militante posterior, avanz\u00f3 hacia una propuesta programatica. Sobre el final, el precandidato a gobernador Cristian Ritondo expres\u00f3 la necesidad de defender la unidad de la coalicion como uno de sus valores mas importantes.<\/p>\n<p>El cierre del evento estuvo a cargo de Margarita Stolbizer quien cerr\u00f3 con un fuerte mensaje \u00abLa unidad debe tener una base programatica, un proposito comun con honestidad intelectual, para enfrentar los desafios para transformar nuestra provincia\u00bb<strong>(VW)<\/strong>.<\/p>\n","protected":false},"excerpt":{"rendered":"<p>Con la presencia de los precandidatos a la gobernaci\u00f3n, M\u00e1ximo Abad y Diego Santilli cerr\u00f3 el Congreso\u00a0 del GEN. Margarita Stolbizer apost\u00f3 a la unidad y a una base program\u00e1tica.<\/p>\n","protected":false},"author":3,"featured_media":10474,"comment_status":"closed","ping_status":"closed","sticky":false,"template":"","format":"standard","meta":{"_monsterinsights_skip_tracking":false,"_monsterinsights_sitenote_active":false,"_monsterinsights_sitenote_note":"","_monsterinsights_sitenote_category":0,"footnotes":""},"categories":[4],"tags":[4344,4343,678,112],"class_list":["post-10473","post","type-post","status-publish","format-standard","has-post-thumbnail","hentry","category-politica","tag-angustia","tag-candiatos","tag-gen","tag-pobreza"],"_links":{"self":[{"href":"https:\/\/www.visionweb.com.ar\/index.php?rest_route=\/wp\/v2\/posts\/10473","targetHints":{"allow":["GET"]}}],"collection":[{"href":"https:\/\/www.visionweb.com.ar\/index.php?rest_route=\/wp\/v2\/posts"}],"about":[{"href":"https:\/\/www.visionweb.com.ar\/index.php?rest_route=\/wp\/v2\/types\/post"}],"author":[{"embeddable":true,"href":"https:\/\/www.visionweb.com.ar\/index.php?rest_route=\/wp\/v2\/users\/3"}],"replies":[{"embeddable":true,"href":"https:\/\/www.visionweb.com.ar\/index.php?rest_route=%2Fwp%2Fv2%2Fcomments&post=10473"}],"version-history":[{"count":1,"href":"https:\/\/www.visionweb.com.ar\/index.php?rest_route=\/wp\/v2\/posts\/10473\/revisions"}],"predecessor-version":[{"id":10475,"href":"https:\/\/www.visionweb.com.ar\/index.php?rest_route=\/wp\/v2\/posts\/10473\/revisions\/10475"}],"wp:featuredmedia":[{"embeddable":true,"href":"https:\/\/www.visionweb.com.ar\/index.php?rest_route=\/wp\/v2\/media\/10474"}],"wp:attachment":[{"href":"https:\/\/www.visionweb.com.ar\/index.php?rest_route=%2Fwp%2Fv2%2Fmedia&parent=10473"}],"wp:term":[{"taxonomy":"category","embeddable":true,"href":"https:\/\/www.visionweb.com.ar\/index.php?rest_route=%2Fwp%2Fv2%2Fcategories&post=10473"},{"taxonomy":"post_tag","embeddable":true,"href":"https:\/\/www.visionweb.com.ar\/index.php?rest_route=%2Fwp%2Fv2%2Ftags&post=10473"}],"curies":[{"name":"wp","href":"https:\/\/api.w.org\/{rel}","templated":true}]}}