{"id":10470,"date":"2023-04-28T14:47:12","date_gmt":"2023-04-28T17:47:12","guid":{"rendered":"https:\/\/www.visionweb.com.ar\/?p=10470"},"modified":"2023-04-28T14:47:12","modified_gmt":"2023-04-28T17:47:12","slug":"pro-sin-definiciones-de-candidaturas-tras-la-reunion-cumbre-de-lideres-en-san-isidro","status":"publish","type":"post","link":"https:\/\/www.visionweb.com.ar\/?p=10470","title":{"rendered":"PRO: Sin definiciones de candidaturas tras la reuni\u00f3n cumbre de l\u00edderes en San Isidro"},"content":{"rendered":"<p><em><strong>El encuentro se dio luego de la incorporaci\u00f3n de Jos\u00e9 Luis Espert a Juntos por el Cambio. No hubo definiciones sobre c\u00f3mo se competir\u00e1 en Provincia y Ciudad. El tema central fue el agravamiento de la situaci\u00f3n econ\u00f3mica, dijeron.<\/strong><\/em><!--more--><\/p>\n<div id=\"attachment_10471\" style=\"width: 310px\" class=\"wp-caption alignright\"><img loading=\"lazy\" decoding=\"async\" aria-describedby=\"caption-attachment-10471\" class=\"wp-image-10471 size-full\" src=\"https:\/\/www.visionweb.com.ar\/wp-content\/uploads\/2023\/04\/reunion-de-juntos.png\" alt=\"\" width=\"300\" height=\"168\" \/><p id=\"caption-attachment-10471\" class=\"wp-caption-text\">L\u00edderes del PRO en reuni\u00f3n hoy. Foto: internet<\/p><\/div>\n<p><strong>\u00a0 L<\/strong>os principales dirigentes del PRO se reunieron este viernes en San Isidro, luego de una semana de alto contenido pol\u00edtico y volatilidad econ\u00f3mica, en una cumbre que dur\u00f3 casi tres horas, y\u00a0en la que buscaron desactivar las internas de cara a las pr\u00f3ximas elecciones.<\/p>\n<p>La cumbre del partido amarillo se dio tras el desembarco de\u00a0<strong>Jos\u00e9 Luis Espert\u00a0<\/strong>en Juntos por el Cambio, y tambi\u00e9n, luego de la reaparici\u00f3n p\u00fablica de<strong>\u00a0<\/strong>la vicepresidenta Cristina Kirchner.<\/p>\n<p>La reuni\u00f3n se realiz\u00f3 en la vivienda del ex ministro Jorge Triaca, y <strong>Patricia Bullrich<\/strong> arrib\u00f3 junto al precandidato a gobernador bonaerense, <strong>Cristian<\/strong> <strong>Ritondo<\/strong>, ambos evitaron hacer declaraciones.<\/p>\n<p>Asistieron tambi\u00e9n el ex presidente\u00a0<strong>Mauricio Macri<\/strong>\u00a0y la ex gobernadora bonaerense,\u00a0<strong>Mar\u00eda Eugenia Vidal<\/strong>, quien llega en medio de rumores que la ubican como candidata a jefa de Gobierno de la Ciudad. Tambi\u00e9n participaron <strong>Rodr\u00edguez<\/strong> <strong>Larreta<\/strong>, <strong>Diego<\/strong> <strong>Santilli<\/strong> y el principal colaborador de Macri, <strong>Fernando de Andreis<\/strong>.<\/p>\n<p>Por su parte, Horacio \u00a0Rodr\u00edguez Larreta, tambi\u00e9n evit\u00f3 comentarios, y fue el primero en retirarse.<\/p>\n<p>El PRO acord\u00f3 pactar una reuni\u00f3n con Espert, para escuchar sus opiniones, y para avanzar con su incorporaci\u00f3n, tal como sucedi\u00f3 con el resto de los partidos de la coalici\u00f3n. En esa l\u00ednea se conformar\u00e1 una mesa del partido, en la que no est\u00e9n los eventuales candidatos, que dialogar\u00e1 con el economista<\/p>\n<p>El presidente del PRO,\u00a0<strong>Federico Angelini<\/strong> al salir improvis\u00f3 una conferencia de prensa. All\u00ed apenas coment\u00f3 que se analiz\u00f3 la situaci\u00f3n cr\u00edtica del pa\u00eds y que el pr\u00f3ximo martes se volver\u00e1n a reunir. \u201c<strong>No se habl\u00f3 de candidaturas, se habl\u00f3 de econom\u00eda<\/strong>\u201d, resumi\u00f3.<\/p>\n<p>Macri y Vidal tampoco hicieron declaraciones respecto del encuentro. Aunque el ex mandatario brind\u00f3 algunas palabras antes de ingresar a la casa de Triaca. Le preguntaron por el discurso de ayer de Cristina Kirchner y dijo que\u00a0<strong>no la escuch\u00f3<\/strong>.<\/p>\n<p>Al culminar el conclave, Ritondo ratific\u00f3: \u201c<strong>La reuni\u00f3n fue buena, no se habl\u00f3 de candidaturas, se habl\u00f3 de la situaci\u00f3n dif\u00edcil que est\u00e1n sufriendo los argentinos<\/strong>\u201d.<\/p>\n<p>Tanto Patricia Bullrich como Mauricio Macri presionan para que <strong>Jorge<\/strong> <strong>Macri<\/strong> sea el candidato del PRO en la interna contra el radical\u00a0<strong>Mart\u00edn Lousteau.<\/strong>\u00a0Algunos dirigentes creen que, en realidad, Rodr\u00edguez Larreta<strong>\u00a0lanzar\u00eda la f\u00f3rmula Fern\u00e1n Quir\u00f3s-Soledad Acu\u00f1a<\/strong>\u00a0en la ciudad.<\/p>\n<p>El conflicto en el PRO comenz\u00f3 hace meses pero se agudiz\u00f3 luego que Larreta anunciara que los porte\u00f1os votar\u00e1n con el sistema de elecciones concurrentes. Si el PRO no logra presentar a un candidato de unidad corre riesgo de perder la conducci\u00f3n de la Capital Federal. Sin unidad, el favorecido ser\u00eda Lousteau.<\/p>\n<p>Adem\u00e1s, el PRO tiene otro conflicto abierto en la provincia de Buenos Aires donde a\u00fan no define c\u00f3mo ser\u00e1n las candidaturas a gobernador. Bullrich apunta a que rija el esquema electoral de la<strong>\u00a0\u201ci latina\u201d,\u00a0<\/strong>que implica que cada candidato a presidente lleve en una lista a su\u00a0<strong>propio\u00a0<\/strong>postulante a intendente y a gobernador, en una apuesta a\u00a0<strong>extremar\u00a0<\/strong>la competencia interna y a que los jefes comunales\u00a0<strong>se jueguen\u00a0<\/strong>por un presidenciable.<\/p>\n<p>El jefe de Gobierno estaba de acuerdo, pero hace dos semanas pas\u00f3 a promover el sistema de la\u00a0<strong>\u201cv\u201d,<\/strong>\u00a0que implica reflejar en las boletas dos candidatos a presidente, dos a gobernador y un solo postulante a jefe comunal.<\/p>\n<p>Los larretistas explicaron que se cambi\u00f3 para\u00a0\u201ccontener\u201d\u00a0a los intendentes, pero en el bullrichismo interpretan que Larreta est\u00e1 tratando de evitar una\u00a0fuga de adhesiones<strong>\u00a0<\/strong>hacia su adversaria interna. <strong>(VW)<\/strong><\/p>\n<p>&nbsp;<\/p>\n<p>&nbsp;<\/p>\n","protected":false},"excerpt":{"rendered":"<p>El encuentro se dio luego de la incorporaci\u00f3n de Jos\u00e9 Luis Espert a Juntos por el Cambio. No hubo definiciones sobre c\u00f3mo se competir\u00e1 en Provincia y Ciudad. El tema central fue el agravamiento&#46;&#46;&#46;<\/p>\n","protected":false},"author":4,"featured_media":10471,"comment_status":"closed","ping_status":"closed","sticky":false,"template":"","format":"standard","meta":{"_monsterinsights_skip_tracking":false,"_monsterinsights_sitenote_active":false,"_monsterinsights_sitenote_note":"","_monsterinsights_sitenote_category":0,"footnotes":""},"categories":[4],"tags":[504,961,340,184,502,4342,234],"class_list":["post-10470","post","type-post","status-publish","format-standard","has-post-thumbnail","hentry","category-politica","tag-bullrich","tag-candidatos","tag-elecciones","tag-larreta","tag-macri","tag-reunion-cumbre-del-pro","tag-vidal"],"_links":{"self":[{"href":"https:\/\/www.visionweb.com.ar\/index.php?rest_route=\/wp\/v2\/posts\/10470","targetHints":{"allow":["GET"]}}],"collection":[{"href":"https:\/\/www.visionweb.com.ar\/index.php?rest_route=\/wp\/v2\/posts"}],"about":[{"href":"https:\/\/www.visionweb.com.ar\/index.php?rest_route=\/wp\/v2\/types\/post"}],"author":[{"embeddable":true,"href":"https:\/\/www.visionweb.com.ar\/index.php?rest_route=\/wp\/v2\/users\/4"}],"replies":[{"embeddable":true,"href":"https:\/\/www.visionweb.com.ar\/index.php?rest_route=%2Fwp%2Fv2%2Fcomments&post=10470"}],"version-history":[{"count":1,"href":"https:\/\/www.visionweb.com.ar\/index.php?rest_route=\/wp\/v2\/posts\/10470\/revisions"}],"predecessor-version":[{"id":10472,"href":"https:\/\/www.visionweb.com.ar\/index.php?rest_route=\/wp\/v2\/posts\/10470\/revisions\/10472"}],"wp:featuredmedia":[{"embeddable":true,"href":"https:\/\/www.visionweb.com.ar\/index.php?rest_route=\/wp\/v2\/media\/10471"}],"wp:attachment":[{"href":"https:\/\/www.visionweb.com.ar\/index.php?rest_route=%2Fwp%2Fv2%2Fmedia&parent=10470"}],"wp:term":[{"taxonomy":"category","embeddable":true,"href":"https:\/\/www.visionweb.com.ar\/index.php?rest_route=%2Fwp%2Fv2%2Fcategories&post=10470"},{"taxonomy":"post_tag","embeddable":true,"href":"https:\/\/www.visionweb.com.ar\/index.php?rest_route=%2Fwp%2Fv2%2Ftags&post=10470"}],"curies":[{"name":"wp","href":"https:\/\/api.w.org\/{rel}","templated":true}]}}