{"id":10457,"date":"2023-04-28T09:13:25","date_gmt":"2023-04-28T12:13:25","guid":{"rendered":"https:\/\/www.visionweb.com.ar\/?p=10457"},"modified":"2023-04-28T09:14:12","modified_gmt":"2023-04-28T12:14:12","slug":"los-pasos-para-acceder-al-procrear-ii","status":"publish","type":"post","link":"https:\/\/www.visionweb.com.ar\/?p=10457","title":{"rendered":"Los pasos para acceder al Procrear II"},"content":{"rendered":"<p><em><strong>La modalidad est\u00e1 destinada a j\u00f3venes de entre 18 y 35 a\u00f1os. En la inscripci\u00f3n para el sorteo de las viviendas van a tener prioridad las personas de esa franja etaria.<\/strong><\/em><!--more--><\/p>\n<p><strong>\u00a0 \u00a0 \u00a0 \u00a0 <img loading=\"lazy\" decoding=\"async\" class=\"size-medium wp-image-10458 alignright\" src=\"https:\/\/www.visionweb.com.ar\/wp-content\/uploads\/2023\/04\/CASAS-PROCREAR-300x200.png\" alt=\"\" width=\"300\" height=\"200\" srcset=\"https:\/\/www.visionweb.com.ar\/wp-content\/uploads\/2023\/04\/CASAS-PROCREAR-300x200.png 300w, https:\/\/www.visionweb.com.ar\/wp-content\/uploads\/2023\/04\/CASAS-PROCREAR.png 640w\" sizes=\"auto, (max-width: 300px) 100vw, 300px\" \/> E<\/strong>l secretario de Desarrollo Territorial de la Naci\u00f3n, Luciano Scatolini, destac\u00f3 este jueves la decisi\u00f3n de agregar al programa Procrear II la modalidad <strong>Desarrollos Urban\u00edsticos Destino Joven, destinada a personas de entre 18 y 35 a\u00f1os,<\/strong> al resaltar que \u201clos m\u00e1s j\u00f3venes necesitan recuperar la esperanza\u201d en un \u201cmomento complejo\u201d.<\/p>\n<p>As\u00ed lo manifest\u00f3 Scatolini luego de la apertura ayer de una nueva inscripci\u00f3n al Procrear II en 13 provincias del pa\u00eds.<\/p>\n<p>\u201cHemos agregado una modalidad muy especial que tiene que ver con una franja etaria que va a tener una prioridad para acceder a la vivienda que es la de 18 a 35 a\u00f1os\u201d, se\u00f1al\u00f3 el funcionario estas ma\u00f1ana en declaraciones a T\u00e9lam Radio.<\/p>\n<p>En este sentido, contempl\u00f3 que \u201ces un momento complejo donde los m\u00e1s j\u00f3venes necesitan recuperar la esperanza\u201d, al tiempo que sostuvo: \u201cEl derecho a la vivienda lo tenemos que garantizar y para eso tiene que estar el Estado\u201d.<\/p>\n<p>Scatolini tambi\u00e9n reivindic\u00f3 la necesidad de que los j\u00f3venes \u201cpuedan encontrar arraigo en el pa\u00eds, recuperar la esperanza y la alegr\u00eda de vivir en un pa\u00eds que nos d\u00e9 cobijo a todos\u201d.<\/p>\n<p>Sobre las pol\u00edticas de vivienda y el Procrear II, el integrante del Ministerio de Desarrollo Territorial y H\u00e1bitat afirm\u00f3 que es \u201cuna continuidad que se inici\u00f3 ya hace 10 a\u00f1os\u201d, y ponder\u00f3 que en este tiempo \u201cm\u00e1s de 500.000 argentinos y argentinas hayan podido acceder a su vivienda propia\u201d.<\/p>\n<p>La inscripci\u00f3n para el sorteo de las viviendas, donde van a tener prioridad los j\u00f3venes de 18 a 35 a\u00f1os, se realiza desde la p\u00e1gina web del Procrear II, en la secci\u00f3n Desarrollos Urban\u00edsticos.<\/p>\n<p>En resumen, este 2023 habr\u00e1 dos modalidades, dependiendo del rango etario de los postulantes:<\/p>\n<p>-Destino Joven (personas entre los 18 y 35 a\u00f1os)<\/p>\n<p>-Inscripci\u00f3n General (desde 36 hasta 64 a\u00f1os)<\/p>\n<p>Sin importar la modalidad en la que el postulante se incluya, se deber\u00e1n cumplir los requisitos generales.<\/p>\n<p>-Ser argentinos\/as o extranjeros\/as con residencia permanente en el pa\u00eds.<\/p>\n<p>-No ser propietarios o copropietarios de ning\u00fan inmueble.<\/p>\n<p>-No haber sido beneficiario de ning\u00fan plan de vivienda en los \u00faltimos diez a\u00f1os.<\/p>\n<p>-No registrar antecedentes negativos comerciales ni financieros.<\/p>\n<p>-Tener al menos un a\u00f1o de continuidad laboral registrada.<\/p>\n<p>-Demostrar ingresos netos mensuales del grupo familiar de entre 1 y 10 Salarios M\u00ednimos Vitales y M\u00f3viles (SMVyM). <strong>(VW)<\/strong><\/p>\n","protected":false},"excerpt":{"rendered":"<p>La modalidad est\u00e1 destinada a j\u00f3venes de entre 18 y 35 a\u00f1os. En la inscripci\u00f3n para el sorteo de las viviendas van a tener prioridad las personas de esa franja etaria.<\/p>\n","protected":false},"author":3,"featured_media":10458,"comment_status":"closed","ping_status":"closed","sticky":false,"template":"","format":"standard","meta":{"_monsterinsights_skip_tracking":false,"_monsterinsights_sitenote_active":false,"_monsterinsights_sitenote_note":"","_monsterinsights_sitenote_category":0,"footnotes":""},"categories":[8],"tags":[1039,2297,270],"class_list":["post-10457","post","type-post","status-publish","format-standard","has-post-thumbnail","hentry","category-interes-general","tag-jovenes","tag-procrear-ii","tag-viviendas"],"_links":{"self":[{"href":"https:\/\/www.visionweb.com.ar\/index.php?rest_route=\/wp\/v2\/posts\/10457","targetHints":{"allow":["GET"]}}],"collection":[{"href":"https:\/\/www.visionweb.com.ar\/index.php?rest_route=\/wp\/v2\/posts"}],"about":[{"href":"https:\/\/www.visionweb.com.ar\/index.php?rest_route=\/wp\/v2\/types\/post"}],"author":[{"embeddable":true,"href":"https:\/\/www.visionweb.com.ar\/index.php?rest_route=\/wp\/v2\/users\/3"}],"replies":[{"embeddable":true,"href":"https:\/\/www.visionweb.com.ar\/index.php?rest_route=%2Fwp%2Fv2%2Fcomments&post=10457"}],"version-history":[{"count":1,"href":"https:\/\/www.visionweb.com.ar\/index.php?rest_route=\/wp\/v2\/posts\/10457\/revisions"}],"predecessor-version":[{"id":10459,"href":"https:\/\/www.visionweb.com.ar\/index.php?rest_route=\/wp\/v2\/posts\/10457\/revisions\/10459"}],"wp:featuredmedia":[{"embeddable":true,"href":"https:\/\/www.visionweb.com.ar\/index.php?rest_route=\/wp\/v2\/media\/10458"}],"wp:attachment":[{"href":"https:\/\/www.visionweb.com.ar\/index.php?rest_route=%2Fwp%2Fv2%2Fmedia&parent=10457"}],"wp:term":[{"taxonomy":"category","embeddable":true,"href":"https:\/\/www.visionweb.com.ar\/index.php?rest_route=%2Fwp%2Fv2%2Fcategories&post=10457"},{"taxonomy":"post_tag","embeddable":true,"href":"https:\/\/www.visionweb.com.ar\/index.php?rest_route=%2Fwp%2Fv2%2Ftags&post=10457"}],"curies":[{"name":"wp","href":"https:\/\/api.w.org\/{rel}","templated":true}]}}